{"id":47234,"date":"2015-09-19T15:58:34","date_gmt":"2015-09-19T12:58:34","guid":{"rendered":"http:\/\/sana.sy\/tr\/?p=47234"},"modified":"2015-09-19T15:58:34","modified_gmt":"2015-09-19T12:58:34","slug":"hilal-ve-cezairi-irakli-heyeti-kabul-ettiler","status":"publish","type":"post","link":"https:\/\/archive.sana.sy\/tr\/?p=47234","title":{"rendered":"Hilal ve Cezairi Irakl\u0131 Heyeti Kabul Ettiler"},"content":{"rendered":"<p>\u015eAM \u2013 Sosyalist Arap el Baas Partisi Genel Sekreter Yard\u0131mc\u0131s\u0131 Hilal el Hilan Irak \u00c7ift\u00e7iler Cemiyetleri Genel Birli\u011fi Ba\u015fkan\u0131 Hasan Nasif el Temimi ve ona e\u015flik eden heyetle iki \u00fclke aras\u0131ndaki ekonomik ili\u015fkileri peki\u015ftirme ve ekonomik b\u00fct\u00fcnl\u00fc\u011f\u00fc sa\u011flama mekanizmalar\u0131n\u0131 masaya yat\u0131rd\u0131.<\/p>\n<p>\u0130ki \u00fclke aras\u0131nda ithalat ihracat\u0131 kolayla\u015ft\u0131rma olanaklar\u0131n\u0131n da ele al\u0131nd\u0131\u011f\u0131 g\u00f6r\u00fc\u015fmede Hilal; Suriye \u0130hracat\u00e7\u0131lar Birli\u011fi ile Irak \u00c7ift\u00e7iler Cemiyetleri Genel Birli\u011fi aras\u0131nda imzalanan mutabakat zapt\u0131n\u0131n \u00f6nemine dikkat \u00e7ekti.<\/p>\n<p>Hilal iki \u00fclke ve halklar\u0131n\u0131n maruz kald\u0131klar\u0131 sava\u015f ve zor durumlar g\u00f6lgesinde birbirleriyle dayan\u0131\u015fmalar\u0131 ve halklar\u0131n\u0131n ihtiya\u00e7lar\u0131n\u0131n kar\u015f\u0131lanmas\u0131na yard\u0131mc\u0131 olmalar\u0131n\u0131n \u00f6nemine dikkat \u00e7ekerken; Suriye&#8217;de tar\u0131m\u0131n ge\u00e7en y\u0131llar i\u00e7inde kendine yeterlili\u011fi ba\u015fard\u0131\u011f\u0131n\u0131 ifade etti. Maruz kald\u0131\u011f\u0131 ekonomik yapt\u0131r\u0131mlar ve d\u0131\u015f g\u00fc\u00e7lerin komutas\u0131ndaki ter\u00f6ristlerin tar\u0131m sekt\u00f6r\u00fcne verdi\u011fi hasara \u0131\u015f\u0131k tutan hilal, ter\u00f6ristlerin bir\u00e7ok b\u00f6lgede \u00e7ift\u00e7ilerin mahsullerini kundaklay\u0131p gasp ettiklerini, tar\u0131m altyap\u0131 \u015febekesini de sabote ettiklerini belirtti. Hilal buna ra\u011fmen Suriyeli \u00e7ift\u00e7ilerin topraklar\u0131na s\u0131ms\u0131k\u0131 tutunup ziraatlar\u0131n\u0131 s\u00fcrd\u00fcrmeye \u0131srar ettiklerini, bunun da Suriye&#8217;nin m\u00fccadelesini ve ulusal ekonomisini g\u00fc\u00e7lendirdi\u011fini vurgulad\u0131.<\/p>\n<p>Irakl\u0131 heyet daha \u00f6nce Ekonomi ve D\u0131\u015f Ticaret Bakan\u0131 H\u00fcmam el Cezariri ile bir araya gelmi\u015f, iki \u00fclke aras\u0131ndaki ekonomik i\u015fbirli\u011fini geli\u015ftirme olanaklar\u0131n\u0131 ayr\u0131nt\u0131lar\u0131yla masaya yat\u0131rm\u0131\u015ft\u0131.<\/p>\n","protected":false},"excerpt":{"rendered":"<p>\u015eAM \u2013 Sosyalist Arap el Baas Partisi Genel Sekreter Yard\u0131mc\u0131s\u0131 Hilal el Hilan Irak \u00c7ift\u00e7iler Cemiyetleri Genel Birli\u011fi Ba\u015fkan\u0131 Hasan Nasif el Temimi ve ona e\u015flik eden heyetle iki \u00fclke aras\u0131ndaki ekonomik ili\u015fkileri peki\u015ftirme ve ekonomik b\u00fct\u00fcnl\u00fc\u011f\u00fc sa\u011flama mekanizmalar\u0131n\u0131 masaya yat\u0131rd\u0131. \u0130ki \u00fclke aras\u0131nda ithalat ihracat\u0131 kolayla\u015ft\u0131rma olanaklar\u0131n\u0131n da ele al\u0131nd\u0131\u011f\u0131 g\u00f6r\u00fc\u015fmede Hilal; Suriye \u0130hracat\u00e7\u0131lar &hellip;<\/p>\n","protected":false},"author":1,"featured_media":47235,"comment_status":"closed","ping_status":"closed","sticky":false,"template":"","format":"standard","meta":{"footnotes":""},"categories":[485,479,486,478],"tags":[16800],"class_list":["post-47234","post","type-post","status-publish","format-standard","has-post-thumbnail","","category-is-ve-sermaye","category-haberler-yerel","category-haberler-is-ve-sermaye","category-yerel","tag-hilal-ve-cezairi-irakli-heyeti-kabul-ettiler"],"_links":{"self":[{"href":"https:\/\/archive.sana.sy\/tr\/index.php?rest_route=\/wp\/v2\/posts\/47234","targetHints":{"allow":["GET"]}}],"collection":[{"href":"https:\/\/archive.sana.sy\/tr\/index.php?rest_route=\/wp\/v2\/posts"}],"about":[{"href":"https:\/\/archive.sana.sy\/tr\/index.php?rest_route=\/wp\/v2\/types\/post"}],"author":[{"embeddable":true,"href":"https:\/\/archive.sana.sy\/tr\/index.php?rest_route=\/wp\/v2\/users\/1"}],"replies":[{"embeddable":true,"href":"https:\/\/archive.sana.sy\/tr\/index.php?rest_route=%2Fwp%2Fv2%2Fcomments&post=47234"}],"version-history":[{"count":0,"href":"https:\/\/archive.sana.sy\/tr\/index.php?rest_route=\/wp\/v2\/posts\/47234\/revisions"}],"wp:featuredmedia":[{"embeddable":true,"href":"https:\/\/archive.sana.sy\/tr\/index.php?rest_route=\/wp\/v2\/media\/47235"}],"wp:attachment":[{"href":"https:\/\/archive.sana.sy\/tr\/index.php?rest_route=%2Fwp%2Fv2%2Fmedia&parent=47234"}],"wp:term":[{"taxonomy":"category","embeddable":true,"href":"https:\/\/archive.sana.sy\/tr\/index.php?rest_route=%2Fwp%2Fv2%2Fcategories&post=47234"},{"taxonomy":"post_tag","embeddable":true,"href":"https:\/\/archive.sana.sy\/tr\/index.php?rest_route=%2Fwp%2Fv2%2Ftags&post=47234"}],"curies":[{"name":"wp","href":"https:\/\/api.w.org\/{rel}","templated":true}]}}