{"id":47250,"date":"2015-09-20T13:20:33","date_gmt":"2015-09-20T10:20:33","guid":{"rendered":"http:\/\/sana.sy\/tr\/?p=47250"},"modified":"2015-09-21T16:00:30","modified_gmt":"2015-09-21T13:00:30","slug":"rusyanin-katilimi-suriye-dusmanlarinin-planlarini-altust-edecek","status":"publish","type":"post","link":"https:\/\/archive.sana.sy\/tr\/?p=47250","title":{"rendered":"Rusya&#8217;n\u0131n Kat\u0131l\u0131m\u0131 Suriye D\u00fc\u015fmanlar\u0131n\u0131n Planlar\u0131n\u0131 Alt\u00fcst Edecek"},"content":{"rendered":"<p>\u015eAM \u2013 Ba\u015fbakan Yard\u0131mc\u0131s\u0131 D\u0131\u015fi\u015fleri ve Gurbet\u00e7iler Bakan\u0131 Velid el Muallim; Rusya&#8217;n\u0131n, I\u015e\u0130D ve Kaide \u00d6rg\u00fct\u00fcn\u00fcn Suriye kolu Nusra Cephesine kar\u015f\u0131 sava\u015fa kat\u0131lmas\u0131n\u0131n, Suriye&#8217;ye kar\u015f\u0131 komplo kuranlar\u0131n planlar\u0131n\u0131 alt\u00fcst edece\u011fini belirtti.<\/p>\n<p>Rusya Bug\u00fcn (RT) Kanal\u0131 \u00fcle \u00f6zel m\u00fclakat\u0131nda Muallim; Rusya&#8217;n\u0131n bu sava\u015fa kat\u0131lmas\u0131n\u0131n ayn\u0131 zamanda ABD ve komutas\u0131ndaki uluslar aras\u0131 koalisyonun I\u015e\u0130D\u2019e kar\u015f\u0131 sava\u015fta hi\u00e7bir stratejisi olmad\u0131\u011f\u0131n\u0131 ortaya koyaca\u011f\u0131n\u0131 s\u00f6yledi.<\/p>\n<p>Suriye h\u00fck\u00fcmetinin ter\u00f6rle m\u00fccadeleye e\u015f zamanl\u0131 olarak siyasi diyalog ba\u015flatmada hi\u00e7bir mani g\u00f6rmedi\u011fini belirten Muallim; fakat Suriye&#8217;nin karanl\u0131k bir t\u00fcnelde y\u00fcr\u00fcmek yerine belirli ve ayd\u0131nl\u0131k bir yolda y\u00fcr\u00fcmeyi tercih etti\u011fini ifade etti. Muallim ter\u00f6re son vermeden hi\u00e7bir siyasi \u00e7\u00f6z\u00fcm\u00fcn ba\u015far\u0131l\u0131 olamayaca\u011f\u0131n\u0131, ayriyeten Suriye halk\u0131n\u0131n bu s\u00fcre\u00e7 i\u00e7inde en \u00e7ok ihtiya\u00e7 duydu\u011fu ve arzulad\u0131\u011f\u0131 \u015feyin g\u00fcvenlik ve istikrar oldu\u011funun alt\u0131n\u0131 \u00e7izdi.<\/p>\n<p>Suriye ile Rusya aras\u0131ndaki t\u00fcm ili\u015fkilerin aleni oldu\u011funu belirten Muallim; Rusya&#8217;n\u0131n da Suriye&#8217;de ter\u00f6re kar\u015f\u0131 m\u00fccadeleye kat\u0131laca\u011f\u0131n\u0131 aleni bir \u015fekilde ilan etti\u011fini belirtti.<\/p>\n<p>\u015eam ve Moskova aras\u0131nda yeni bir durumun oldu\u011fu konusunda ise Muallim; bunun do\u011fru oldu\u011funu, bu durumun da Rusya&#8217;n\u0131n Suriye&#8217;ye silah temininden daha ziyade bir \u015fey oldu\u011funu belirtti. Muallim; Rusya&#8217;n\u0131n Suriye&#8217;de I\u015e\u0130D ve Kaide \u00d6rg\u00fct\u00fcn\u00fcn Suriye kolu Nusra Cephesine kar\u015f\u0131 sava\u015fa kat\u0131laca\u011f\u0131n\u0131 belirtirken, bunun da Suriye&#8217;ye kar\u015f\u0131 komplo \u00f6renlerin planlar\u0131n\u0131 alt\u00fcst edece\u011fini ifade etti.<\/p>\n<p>Muallim Suriye&#8217;ye kom\u015fu kimi devletlerin G\u00fcvenlik Konseyinin ter\u00f6rle m\u00fccadele konusunda BM misak\u0131n\u0131n 7. Bent alt\u0131nda ald\u0131\u011f\u0131 kararlar dahil hi\u00e7bir karar\u0131 hayata ge\u00e7irmediklerine dikkat \u00e7ekti. T\u00fcrkiye ve \u00dcrd\u00fcn s\u0131n\u0131rlar\u0131ndan ter\u00f6r ve onlara ait cephanenin ak\u0131n etti\u011fini belirten Muallim; bu devletlerin d\u00fcnyan\u0131n bir\u00e7ok yerinden gelen az\u0131l\u0131 tekfirciler dahil ter\u00f6re verdikleri hi\u00e7bir deste\u011fi kesmediklerini vurgulad\u0131.<\/p>\n<p>Suriye ordusunun y\u0131llard\u0131r \u00e7okuluslu devlete kar\u015f\u0131 \u00f6rnek say\u0131lacak bir sava\u015f verdi\u011fini belirten Muallim; Suriye halk\u0131n\u0131n ter\u00f6r ve ekonomik yapt\u0131r\u0131mlara ra\u011fmen orduyla dayan\u0131\u015fma i\u00e7inde oldu\u011funu ifade etti.<\/p>\n<p>BM Suriye \u00f6zel temsilcisi Staffan de Mistura ile temaslar\u0131 konusunda Muallim; iki saat s\u00fcren g\u00f6r\u00fc\u015fmede onun \u00f6ne s\u00fcrd\u00fc\u011f\u00fc gayr\u0131 resmi d\u00fc\u015f\u00fcnceleri ve ayr\u0131nt\u0131lar\u0131n\u0131 tart\u0131\u015ft\u0131klar\u0131n\u0131 belirtti. Muallim bu konuda Suriye&#8217;nin teoriden ziyade prati\u011fe \u00f6nem verdi\u011fini, at\u0131lmas\u0131 istenen ad\u0131mlar\u0131n nereye g\u00f6t\u00fcrece\u011fi do\u011frultusunda davrand\u0131\u011f\u0131n\u0131 s\u00f6yledi.<\/p>\n<p>Muallim Zebadani konusunda ise; d\u00f6rt defa ate\u015fkes \u00e7abas\u0131 olmas\u0131yla her defas\u0131nda ter\u00f6ristler taraf\u0131ndan ba\u015far\u0131s\u0131z d\u00fc\u015f\u00fcr\u00fcld\u00fc\u011f\u00fcn\u00fc s\u00f6yledi. \u015eu an be\u015finci bir \u00e7aban\u0131n oldu\u011funa i\u015faret eden Muallim; her \u015feye ra\u011fmen Suriye ordusu ve onunla i\u015fbirli\u011fi i\u00e7inde olan L\u00fcbnan ulusal direni\u015f g\u00fc\u00e7lerinin Zebadani\u2019nin tamam\u0131n\u0131 kontrollerine almak i\u00e7in sadece metreler kald\u0131\u011f\u0131n\u0131 s\u00f6yledi.<\/p>\n<p>New York\u2019ta d\u00fczenlenecek BM genel kurulunun toplant\u0131lar\u0131na nas\u0131l bir mesaj ta\u015f\u0131d\u0131\u011f\u0131 konusunda ise Muallim; uluslar aras\u0131 topluma G\u00fcvenlik Konseyinin ter\u00f6rle m\u00fccadele konusunda BM misak\u0131n\u0131n 7. Bent alt\u0131nda ald\u0131\u011f\u0131 kararlar\u0131 ne yapt\u0131klar\u0131n\u0131 soraca\u011f\u0131n\u0131 ifade etti.<\/p>\n<p>R.H.<\/p>\n","protected":false},"excerpt":{"rendered":"<p>\u015eAM \u2013 Ba\u015fbakan Yard\u0131mc\u0131s\u0131 D\u0131\u015fi\u015fleri ve Gurbet\u00e7iler Bakan\u0131 Velid el Muallim; Rusya&#8217;n\u0131n, I\u015e\u0130D ve Kaide \u00d6rg\u00fct\u00fcn\u00fcn Suriye kolu Nusra Cephesine kar\u015f\u0131 sava\u015fa kat\u0131lmas\u0131n\u0131n, Suriye&#8217;ye kar\u015f\u0131 komplo kuranlar\u0131n planlar\u0131n\u0131 alt\u00fcst edece\u011fini belirtti. Rusya Bug\u00fcn (RT) Kanal\u0131 \u00fcle \u00f6zel m\u00fclakat\u0131nda Muallim; Rusya&#8217;n\u0131n bu sava\u015fa kat\u0131lmas\u0131n\u0131n ayn\u0131 zamanda ABD ve komutas\u0131ndaki uluslar aras\u0131 koalisyonun I\u015e\u0130D\u2019e kar\u015f\u0131 sava\u015fta hi\u00e7bir &hellip;<\/p>\n","protected":false},"author":1,"featured_media":33110,"comment_status":"closed","ping_status":"closed","sticky":false,"template":"","format":"standard","meta":{"footnotes":""},"categories":[556,559,479,2554,2555,478],"tags":[16806,16805,16807],"class_list":["post-47250","post","type-post","status-publish","format-standard","has-post-thumbnail","","category-basin","category-dunya-basini","category-haberler-yerel","category-suriye-ve-dunya","category-suriye-ve-turkiye","category-yerel","tag-isid-ve-kaide-orgutunun-suriye-kolu-nusra-cephesine-karsi-savasa-katilmasinin","tag-rusyanin-katilimi-suriye-dusmanlarinin-planlarini-altust-edecek-sam-basbakan-yardimcisi-disisleri-ve-gurbetciler-bakani-velid-el-muallim-rusyanin","tag-suriyeye-karsi-komplo-kuranlarin-planlarini-altust-edecegini-belirtti"],"_links":{"self":[{"href":"https:\/\/archive.sana.sy\/tr\/index.php?rest_route=\/wp\/v2\/posts\/47250","targetHints":{"allow":["GET"]}}],"collection":[{"href":"https:\/\/archive.sana.sy\/tr\/index.php?rest_route=\/wp\/v2\/posts"}],"about":[{"href":"https:\/\/archive.sana.sy\/tr\/index.php?rest_route=\/wp\/v2\/types\/post"}],"author":[{"embeddable":true,"href":"https:\/\/archive.sana.sy\/tr\/index.php?rest_route=\/wp\/v2\/users\/1"}],"replies":[{"embeddable":true,"href":"https:\/\/archive.sana.sy\/tr\/index.php?rest_route=%2Fwp%2Fv2%2Fcomments&post=47250"}],"version-history":[{"count":0,"href":"https:\/\/archive.sana.sy\/tr\/index.php?rest_route=\/wp\/v2\/posts\/47250\/revisions"}],"wp:featuredmedia":[{"embeddable":true,"href":"https:\/\/archive.sana.sy\/tr\/index.php?rest_route=\/wp\/v2\/media\/33110"}],"wp:attachment":[{"href":"https:\/\/archive.sana.sy\/tr\/index.php?rest_route=%2Fwp%2Fv2%2Fmedia&parent=47250"}],"wp:term":[{"taxonomy":"category","embeddable":true,"href":"https:\/\/archive.sana.sy\/tr\/index.php?rest_route=%2Fwp%2Fv2%2Fcategories&post=47250"},{"taxonomy":"post_tag","embeddable":true,"href":"https:\/\/archive.sana.sy\/tr\/index.php?rest_route=%2Fwp%2Fv2%2Ftags&post=47250"}],"curies":[{"name":"wp","href":"https:\/\/api.w.org\/{rel}","templated":true}]}}