{"id":47253,"date":"2015-09-20T09:47:05","date_gmt":"2015-09-20T06:47:05","guid":{"rendered":"http:\/\/www.sana.sy\/tr\/?p=47253"},"modified":"2015-09-20T13:41:02","modified_gmt":"2015-09-20T10:41:02","slug":"ordu-birliklerimiz-dera-kirsalinda-israil-ve-urdunden-komut-ve-destek-alan-teroristlere-yonelik-operasyonlari-kapsaminda-bugun-il-kirsalinin-dogusu-nuayme-beldesinde-azili-elebaslarin-topland","status":"publish","type":"post","link":"https:\/\/archive.sana.sy\/tr\/?p=47253","title":{"rendered":"Ordu birliklerimiz Dera k\u0131rsal\u0131nda \u0130srail ve \u00dcrd\u00fcn\u2019den komut ve destek alan ter\u00f6ristlere y\u00f6nelik operasyonlar\u0131 kapsam\u0131nda bug\u00fcn il k\u0131rsal\u0131n\u0131n do\u011fusu Nuayme Beldesinde az\u0131l\u0131 eleba\u015flar\u0131n topland\u0131klar\u0131 bir karargah\u0131 i\u00e7indeki ter\u00f6r komutanlar\u0131 ve \u00e7eteleriyle imha etti"},"content":{"rendered":"<p>Ordu birliklerimiz Dera k\u0131rsal\u0131nda \u0130srail ve \u00dcrd\u00fcn\u2019den komut ve destek alan ter\u00f6ristlere y\u00f6nelik operasyonlar\u0131 kapsam\u0131nda bug\u00fcn il k\u0131rsal\u0131n\u0131n do\u011fusu Nuayme Beldesinde az\u0131l\u0131 eleba\u015flar\u0131n topland\u0131klar\u0131 bir karargah\u0131 i\u00e7indeki ter\u00f6r komutanlar\u0131 ve \u00e7eteleriyle imha etti<\/p>\n","protected":false},"excerpt":{"rendered":"<p>Ordu birliklerimiz Dera k\u0131rsal\u0131nda \u0130srail ve \u00dcrd\u00fcn\u2019den komut ve destek alan ter\u00f6ristlere y\u00f6nelik operasyonlar\u0131 kapsam\u0131nda bug\u00fcn il k\u0131rsal\u0131n\u0131n do\u011fusu Nuayme Beldesinde az\u0131l\u0131 eleba\u015flar\u0131n topland\u0131klar\u0131 bir karargah\u0131 i\u00e7indeki ter\u00f6r komutanlar\u0131 ve \u00e7eteleriyle imha etti<\/p>\n","protected":false},"author":1,"featured_media":0,"comment_status":"closed","ping_status":"closed","sticky":false,"template":"","format":"standard","meta":{"footnotes":""},"categories":[1],"tags":[],"class_list":["post-47253","post","type-post","status-publish","format-standard","","category-news-not-sorted"],"_links":{"self":[{"href":"https:\/\/archive.sana.sy\/tr\/index.php?rest_route=\/wp\/v2\/posts\/47253","targetHints":{"allow":["GET"]}}],"collection":[{"href":"https:\/\/archive.sana.sy\/tr\/index.php?rest_route=\/wp\/v2\/posts"}],"about":[{"href":"https:\/\/archive.sana.sy\/tr\/index.php?rest_route=\/wp\/v2\/types\/post"}],"author":[{"embeddable":true,"href":"https:\/\/archive.sana.sy\/tr\/index.php?rest_route=\/wp\/v2\/users\/1"}],"replies":[{"embeddable":true,"href":"https:\/\/archive.sana.sy\/tr\/index.php?rest_route=%2Fwp%2Fv2%2Fcomments&post=47253"}],"version-history":[{"count":0,"href":"https:\/\/archive.sana.sy\/tr\/index.php?rest_route=\/wp\/v2\/posts\/47253\/revisions"}],"wp:attachment":[{"href":"https:\/\/archive.sana.sy\/tr\/index.php?rest_route=%2Fwp%2Fv2%2Fmedia&parent=47253"}],"wp:term":[{"taxonomy":"category","embeddable":true,"href":"https:\/\/archive.sana.sy\/tr\/index.php?rest_route=%2Fwp%2Fv2%2Fcategories&post=47253"},{"taxonomy":"post_tag","embeddable":true,"href":"https:\/\/archive.sana.sy\/tr\/index.php?rest_route=%2Fwp%2Fv2%2Ftags&post=47253"}],"curies":[{"name":"wp","href":"https:\/\/api.w.org\/{rel}","templated":true}]}}