{"id":47260,"date":"2015-09-20T13:15:21","date_gmt":"2015-09-20T10:15:21","guid":{"rendered":"http:\/\/sana.sy\/tr\/?p=47260"},"modified":"2015-09-21T16:01:11","modified_gmt":"2015-09-21T13:01:11","slug":"erdogan-ceteleri-yine-sivillere-fuzelerle-saldirdi","status":"publish","type":"post","link":"https:\/\/archive.sana.sy\/tr\/?p=47260","title":{"rendered":"Erdo\u011fan \u00c7eteleri Yine Sivillere F\u00fczelerle Sald\u0131rd\u0131"},"content":{"rendered":"<p>HALEP \u2013 T\u00fcrkiye&#8217;deki rejim ve daha ba\u015fka devletlerin \u2018\u0131l\u0131ml\u0131 muhalifler\u2019 ad\u0131 alt\u0131nda destekledikleri ter\u00f6r \u00e7eteleri bug\u00fcn de masum sivil vatanda\u015flara kar\u015f\u0131 hain sald\u0131r\u0131lar\u0131n\u0131 s\u00fcrd\u00fcrd\u00fc.<\/p>\n<p>Halep Emniyet M\u00fcd\u00fcrl\u00fc\u011f\u00fcnde bir kaynak; T\u00fcrkiye&#8217;deki rejimin destek ve komutas\u0131yla Beni Zeyd Semtinde ter\u00f6r faaliyetlerinde bulunan ter\u00f6ristlerin Halep Kentinin kuzeydo\u011fusuna d\u00fc\u015fen Meydan Semtine f\u00fczelerle sald\u0131rd\u0131klar\u0131n\u0131 belirtti. Kaynak gaddar sald\u0131r\u0131larda 14 vatanda\u015f\u0131n \u015fehit, 25 vatanda\u015f\u0131n da yaral\u0131 d\u00fc\u015ft\u00fc\u011f\u00fcn\u00fc, vatanda\u015flar\u0131n evleri ve altyap\u0131 \u015febekesinde b\u00fcy\u00fck hasarlar\u0131n olu\u015ftu\u011funu ifade etti.<\/p>\n<p>Halep \u0130l Sa\u011fl\u0131k M\u00fcd\u00fcrl\u00fc\u011f\u00fcnde bir kaynak ise \u015fehit ve yaral\u0131lar\u0131n \u00dcniversite ve Razi hastanelerine kald\u0131r\u0131ld\u0131klar\u0131n\u0131 aktar\u0131rken, \u015fehitlerin aras\u0131nda 7 \u00e7ocu\u011fun bulundu\u011funa dikkat \u00e7ekti.<\/p>\n<p>G\u00fcn\u00fcn ilerleyen saatlerinde a\u00e7\u0131klama yapan kaynak; Erdo\u011fan \u00e7etelerinin ayr\u0131ca Bab el Hadid Semtinden Seyit Ali Semtindeki sivil vatanda\u015flar\u0131 ve evlerini yine f\u00fczelerle hedef ald\u0131klar\u0131n\u0131 belirtti. Kaynak sald\u0131r\u0131larda 3\u2019\u00fc a\u011f\u0131r olmak \u00fczere 8 vatanda\u015f\u0131n yaraland\u0131\u011f\u0131n\u0131 aktar\u0131rken, vatanda\u015flar\u0131n evlerinde de b\u00fcy\u00fck hasarlar\u0131n ol\u015ftu\u011funu s\u00f6zlerine ekledi.<\/p>\n<div id='gallery-1' class='gallery galleryid-47260 gallery-columns-2 gallery-size-medium'><figure class='gallery-item'>\n\t\t\t<div class='gallery-icon landscape'>\n\t\t\t\t<a href='https:\/\/archive.sana.sy\/tr\/wp-content\/uploads\/2015\/09\/230.jpg'><img loading=\"lazy\" decoding=\"async\" width=\"300\" height=\"208\" src=\"https:\/\/archive.sana.sy\/tr\/wp-content\/uploads\/2015\/09\/230-300x208.jpg\" class=\"attachment-medium size-medium\" alt=\"\" srcset=\"https:\/\/archive.sana.sy\/tr\/wp-content\/uploads\/2015\/09\/230-300x208.jpg 300w, https:\/\/archive.sana.sy\/tr\/wp-content\/uploads\/2015\/09\/230-150x104.jpg 150w, https:\/\/archive.sana.sy\/tr\/wp-content\/uploads\/2015\/09\/230.jpg 492w\" sizes=\"auto, (max-width: 300px) 100vw, 300px\" \/><\/a>\n\t\t\t<\/div><\/figure><figure class='gallery-item'>\n\t\t\t<div class='gallery-icon landscape'>\n\t\t\t\t<a href='https:\/\/archive.sana.sy\/tr\/wp-content\/uploads\/2015\/09\/323.jpg'><img loading=\"lazy\" decoding=\"async\" width=\"300\" height=\"192\" src=\"https:\/\/archive.sana.sy\/tr\/wp-content\/uploads\/2015\/09\/323-300x192.jpg\" class=\"attachment-medium size-medium\" alt=\"\" srcset=\"https:\/\/archive.sana.sy\/tr\/wp-content\/uploads\/2015\/09\/323-300x192.jpg 300w, https:\/\/archive.sana.sy\/tr\/wp-content\/uploads\/2015\/09\/323-150x96.jpg 150w, https:\/\/archive.sana.sy\/tr\/wp-content\/uploads\/2015\/09\/323.jpg 465w\" sizes=\"auto, (max-width: 300px) 100vw, 300px\" \/><\/a>\n\t\t\t<\/div><\/figure>\n\t\t<\/div>\n\n<p>R.H.<\/p>\n","protected":false},"excerpt":{"rendered":"<p>HALEP \u2013 T\u00fcrkiye&#8217;deki rejim ve daha ba\u015fka devletlerin \u2018\u0131l\u0131ml\u0131 muhalifler\u2019 ad\u0131 alt\u0131nda destekledikleri ter\u00f6r \u00e7eteleri bug\u00fcn de masum sivil vatanda\u015flara kar\u015f\u0131 hain sald\u0131r\u0131lar\u0131n\u0131 s\u00fcrd\u00fcrd\u00fc. Halep Emniyet M\u00fcd\u00fcrl\u00fc\u011f\u00fcnde bir kaynak; T\u00fcrkiye&#8217;deki rejimin destek ve komutas\u0131yla Beni Zeyd Semtinde ter\u00f6r faaliyetlerinde bulunan ter\u00f6ristlerin Halep Kentinin kuzeydo\u011fusuna d\u00fc\u015fen Meydan Semtine f\u00fczelerle sald\u0131rd\u0131klar\u0131n\u0131 belirtti. Kaynak gaddar sald\u0131r\u0131larda 14 vatanda\u015f\u0131n &hellip;<\/p>\n","protected":false},"author":1,"featured_media":47302,"comment_status":"closed","ping_status":"closed","sticky":false,"template":"","format":"standard","meta":{"footnotes":""},"categories":[479,575,478],"tags":[],"class_list":["post-47260","post","type-post","status-publish","format-standard","has-post-thumbnail","","category-haberler-yerel","category-olaylar-ve-gercekler","category-yerel"],"_links":{"self":[{"href":"https:\/\/archive.sana.sy\/tr\/index.php?rest_route=\/wp\/v2\/posts\/47260","targetHints":{"allow":["GET"]}}],"collection":[{"href":"https:\/\/archive.sana.sy\/tr\/index.php?rest_route=\/wp\/v2\/posts"}],"about":[{"href":"https:\/\/archive.sana.sy\/tr\/index.php?rest_route=\/wp\/v2\/types\/post"}],"author":[{"embeddable":true,"href":"https:\/\/archive.sana.sy\/tr\/index.php?rest_route=\/wp\/v2\/users\/1"}],"replies":[{"embeddable":true,"href":"https:\/\/archive.sana.sy\/tr\/index.php?rest_route=%2Fwp%2Fv2%2Fcomments&post=47260"}],"version-history":[{"count":0,"href":"https:\/\/archive.sana.sy\/tr\/index.php?rest_route=\/wp\/v2\/posts\/47260\/revisions"}],"wp:featuredmedia":[{"embeddable":true,"href":"https:\/\/archive.sana.sy\/tr\/index.php?rest_route=\/wp\/v2\/media\/47302"}],"wp:attachment":[{"href":"https:\/\/archive.sana.sy\/tr\/index.php?rest_route=%2Fwp%2Fv2%2Fmedia&parent=47260"}],"wp:term":[{"taxonomy":"category","embeddable":true,"href":"https:\/\/archive.sana.sy\/tr\/index.php?rest_route=%2Fwp%2Fv2%2Fcategories&post=47260"},{"taxonomy":"post_tag","embeddable":true,"href":"https:\/\/archive.sana.sy\/tr\/index.php?rest_route=%2Fwp%2Fv2%2Ftags&post=47260"}],"curies":[{"name":"wp","href":"https:\/\/api.w.org\/{rel}","templated":true}]}}