{"id":47263,"date":"2015-09-20T13:26:27","date_gmt":"2015-09-20T10:26:27","guid":{"rendered":"http:\/\/sana.sy\/tr\/?p=47263"},"modified":"2015-09-20T13:26:27","modified_gmt":"2015-09-20T10:26:27","slug":"bunlar-ile-isid-arasinda-cok-ince-bir-cizgi-var","status":"publish","type":"post","link":"https:\/\/archive.sana.sy\/tr\/?p=47263","title":{"rendered":"Bunlar ile I\u015e\u0130D Aras\u0131nda \u00c7ok \u0130nce Bir \u00c7izgi Var"},"content":{"rendered":"<p>PRAG \u2013 \u00c7ek Cumhuriyeti Ba\u015fbakan\u0131 Bohslav Sobotka; Suriye&#8217;deki krize \u00e7\u00f6z\u00fcm sa\u011flaman\u0131n, I\u015e\u0130D\u2019i bertaraf etmenin yan\u0131 s\u0131ra Rusya ile ABD aras\u0131nda bir nevi ittifak\u0131 gerektirdi\u011fini belirtti.<\/p>\n<p>\u00c7ek Ekonomi Gazetesine bug\u00fcn yapt\u0131\u011f\u0131 a\u00e7\u0131klamada Sobotka; m\u00fclteciler meselesine \u00e7\u00f6z\u00fcm sa\u011flaman\u0131n tek yolunun, insanlar\u0131n g\u00f6\u00e7 etmekten ba\u015fka se\u00e7enekleri olmas\u0131na ba\u011fl\u0131 oldu\u011funu ifade ederken; Avrupa Birli\u011fi zirvesinin \u00f6n\u00fcm\u00fczdeki zirvede bu meseleyi uygun bir \u015fekilde ele almas\u0131 temennilerini dile getirdi. Sobotka m\u00fclteciler meselesini \u00e7\u00f6zmek i\u00e7in bunun k\u00f6k\u00fcne inmek ve as\u0131l sorunu halletmeyi gerektirdi\u011fini ifade etti.<\/p>\n<p>ABD ve m\u00fcttefiklerinin \u2018\u0131l\u0131ml\u0131 muhalifler\u2019 ad\u0131 alt\u0131nda ter\u00f6ristleri e\u011fitmesi konusunda ise Sobotka; \u2018bunlar ile I\u015e\u0130D aras\u0131ndaki \u00e7izginin olduk\u00e7a ince oldu\u011funu\u2019 belirtti.<\/p>\n<p>R.H.<\/p>\n","protected":false},"excerpt":{"rendered":"<p>PRAG \u2013 \u00c7ek Cumhuriyeti Ba\u015fbakan\u0131 Bohslav Sobotka; Suriye&#8217;deki krize \u00e7\u00f6z\u00fcm sa\u011flaman\u0131n, I\u015e\u0130D\u2019i bertaraf etmenin yan\u0131 s\u0131ra Rusya ile ABD aras\u0131nda bir nevi ittifak\u0131 gerektirdi\u011fini belirtti. \u00c7ek Ekonomi Gazetesine bug\u00fcn yapt\u0131\u011f\u0131 a\u00e7\u0131klamada Sobotka; m\u00fclteciler meselesine \u00e7\u00f6z\u00fcm sa\u011flaman\u0131n tek yolunun, insanlar\u0131n g\u00f6\u00e7 etmekten ba\u015fka se\u00e7enekleri olmas\u0131na ba\u011fl\u0131 oldu\u011funu ifade ederken; Avrupa Birli\u011fi zirvesinin \u00f6n\u00fcm\u00fczdeki zirvede bu meseleyi &hellip;<\/p>\n","protected":false},"author":1,"featured_media":47264,"comment_status":"closed","ping_status":"closed","sticky":false,"template":"","format":"standard","meta":{"footnotes":""},"categories":[458,459,447],"tags":[16810,16811],"class_list":["post-47263","post","type-post","status-publish","format-standard","has-post-thumbnail","","category-dunya1","category-haberler-arap-uluslararasi-politika","category-politika","tag-bunlar-ile-isid-arasinda-cok-ince-bir-cizgi-var-prag-cek-cumhuriyeti-basbakani-bohslav-sobotka-suriyedeki-krize-cozum-saglamanin","tag-isidi-bertaraf-etmenin-yani-sira-rusya-ile-abd-arasinda-bir-nevi-ittifaki-gerektirdigini-belirtti"],"_links":{"self":[{"href":"https:\/\/archive.sana.sy\/tr\/index.php?rest_route=\/wp\/v2\/posts\/47263","targetHints":{"allow":["GET"]}}],"collection":[{"href":"https:\/\/archive.sana.sy\/tr\/index.php?rest_route=\/wp\/v2\/posts"}],"about":[{"href":"https:\/\/archive.sana.sy\/tr\/index.php?rest_route=\/wp\/v2\/types\/post"}],"author":[{"embeddable":true,"href":"https:\/\/archive.sana.sy\/tr\/index.php?rest_route=\/wp\/v2\/users\/1"}],"replies":[{"embeddable":true,"href":"https:\/\/archive.sana.sy\/tr\/index.php?rest_route=%2Fwp%2Fv2%2Fcomments&post=47263"}],"version-history":[{"count":0,"href":"https:\/\/archive.sana.sy\/tr\/index.php?rest_route=\/wp\/v2\/posts\/47263\/revisions"}],"wp:featuredmedia":[{"embeddable":true,"href":"https:\/\/archive.sana.sy\/tr\/index.php?rest_route=\/wp\/v2\/media\/47264"}],"wp:attachment":[{"href":"https:\/\/archive.sana.sy\/tr\/index.php?rest_route=%2Fwp%2Fv2%2Fmedia&parent=47263"}],"wp:term":[{"taxonomy":"category","embeddable":true,"href":"https:\/\/archive.sana.sy\/tr\/index.php?rest_route=%2Fwp%2Fv2%2Fcategories&post=47263"},{"taxonomy":"post_tag","embeddable":true,"href":"https:\/\/archive.sana.sy\/tr\/index.php?rest_route=%2Fwp%2Fv2%2Ftags&post=47263"}],"curies":[{"name":"wp","href":"https:\/\/api.w.org\/{rel}","templated":true}]}}