{"id":4728,"date":"2014-07-06T20:25:47","date_gmt":"2014-07-06T17:25:47","guid":{"rendered":"http:\/\/www.sana.sy\/tr\/?p=4728"},"modified":"2014-07-06T20:25:47","modified_gmt":"2014-07-06T17:25:47","slug":"vezz-bakanlik-unicef-ile-isbirligini-surdurmeye-onem-veriyor","status":"publish","type":"post","link":"https:\/\/archive.sana.sy\/tr\/?p=4728","title":{"rendered":"Vezz: Bakanl\u0131k UNICEF \u0130le \u0130\u015fbirli\u011fini S\u00fcrd\u00fcrmeye \u00d6nem Veriyor"},"content":{"rendered":"<p>\u015eAM \u2013 E\u011fitim Bakan\u0131 Hezvan el Vezz, BM\u2019ye ba\u011fl\u0131 UNICEF\u2019in \u015eam\u2019da \u0130kame Eden Temsilcisi Yusuf Abd\u00fclcelil ile bir araya gelerek iki taraf aras\u0131ndaki ve \u00f6zellikle okullarda bulunan basit ve orta derece hasarlar\u0131n onar\u0131lmas\u0131 alan\u0131ndaki i\u015fbirli\u011fini aktifle\u015ftirme y\u00f6ntemlerini inceledi.<\/p>\n<p>Bakanl\u0131\u011f\u0131n UNICEF ile, priefabrik s\u0131n\u0131flar haz\u0131rlanmas\u0131 ve e\u011fitim \u00f6\u011fretim faaliyetlerinin niteli\u011finin iyile\u015ftirilmesi amac\u0131yla, i\u015fbirli\u011fini s\u00fcrd\u00fcrmeye b\u00fcy\u00fck \u00f6nem verdi\u011fine dikkat \u00e7eken Vezz; e\u011fitim s\u00fcrecinde ka\u011f\u0131t ile \u00f6\u011fretimden elektronik \u00f6\u011fretim a\u015famas\u0131na ge\u00e7me hedeflerinin alt\u0131n\u0131 \u00e7izdi.<\/p>\n<p>Bakanl\u0131\u011f\u0131n Suriyeli her \u00f6\u011frencinin gelece\u011fine ayr\u0131 ayr\u0131 b\u00fcy\u00fck bir \u00f6nemle yakla\u015ft\u0131\u011f\u0131n\u0131 vurgulayan Vezz; bu nedenle e\u011fitim s\u00fcrecinin b\u00fct\u00fcn ihtiya\u00e7lar\u0131n\u0131 kar\u015f\u0131lamak amac\u0131yla gerekli \u00e7aban\u0131n harcand\u0131\u011f\u0131n\u0131 beyan etti.<\/p>\n<p>E\u011fitim alan\u0131nda uygulanacak plan ve programlara ili\u015fkin bir sunum takdim eden Vezz; UNICEF\u2019e e\u011fitim alan\u0131ndaki yard\u0131m ve desteklerinden dolay\u0131 te\u015fekk\u00fcrlerini sundu.<\/p>\n<p>\u00d6te yandan UNICEF ile Bakanl\u0131k aras\u0131nda i\u015fbirli\u011fi i\u00e7erisinde uygulanmakta olan proje ve programlar\u0131n seyrinin iyi oldu\u011funu ifade eden Abd\u00fclcelil; bu i\u015fbirli\u011fi \u00e7er\u00e7evesinde \u00f6\u011frencilerin e\u011fitim ve \u00f6\u011fretimlerini sa\u011fl\u0131kl\u0131 bir \u015fekilde s\u00fcrd\u00fcrebilmeleri i\u00e7in ba\u015fta insani ihtiya\u00e7lar\u0131n\u0131n kar\u015f\u0131lanmas\u0131 olmak \u00fczere b\u00fct\u00fcn ihtiya\u00e7lar\u0131n\u0131n kar\u015f\u0131lanmas\u0131 y\u00f6n\u00fcnde b\u00fcy\u00fck bir \u00e7aba harcanmakta oldu\u011funu beyan etti.<\/p>\n","protected":false},"excerpt":{"rendered":"<p>\u015eAM \u2013 E\u011fitim Bakan\u0131 Hezvan el Vezz, BM\u2019ye ba\u011fl\u0131 UNICEF\u2019in \u015eam\u2019da \u0130kame Eden Temsilcisi Yusuf Abd\u00fclcelil ile bir araya gelerek iki taraf aras\u0131ndaki ve \u00f6zellikle okullarda bulunan basit ve orta derece hasarlar\u0131n onar\u0131lmas\u0131 alan\u0131ndaki i\u015fbirli\u011fini aktifle\u015ftirme y\u00f6ntemlerini inceledi. Bakanl\u0131\u011f\u0131n UNICEF ile, priefabrik s\u0131n\u0131flar haz\u0131rlanmas\u0131 ve e\u011fitim \u00f6\u011fretim faaliyetlerinin niteli\u011finin iyile\u015ftirilmesi amac\u0131yla, i\u015fbirli\u011fini s\u00fcrd\u00fcrmeye b\u00fcy\u00fck \u00f6nem &hellip;<\/p>\n","protected":false},"author":1,"featured_media":4729,"comment_status":"closed","ping_status":"closed","sticky":false,"template":"","format":"standard","meta":{"footnotes":""},"categories":[479,478],"tags":[1027],"class_list":["post-4728","post","type-post","status-publish","format-standard","has-post-thumbnail","","category-haberler-yerel","category-yerel","tag-vezz-bakanlik-unicef-ile-isbirligini-surdurmeye-onem-veriyor"],"_links":{"self":[{"href":"https:\/\/archive.sana.sy\/tr\/index.php?rest_route=\/wp\/v2\/posts\/4728","targetHints":{"allow":["GET"]}}],"collection":[{"href":"https:\/\/archive.sana.sy\/tr\/index.php?rest_route=\/wp\/v2\/posts"}],"about":[{"href":"https:\/\/archive.sana.sy\/tr\/index.php?rest_route=\/wp\/v2\/types\/post"}],"author":[{"embeddable":true,"href":"https:\/\/archive.sana.sy\/tr\/index.php?rest_route=\/wp\/v2\/users\/1"}],"replies":[{"embeddable":true,"href":"https:\/\/archive.sana.sy\/tr\/index.php?rest_route=%2Fwp%2Fv2%2Fcomments&post=4728"}],"version-history":[{"count":0,"href":"https:\/\/archive.sana.sy\/tr\/index.php?rest_route=\/wp\/v2\/posts\/4728\/revisions"}],"wp:featuredmedia":[{"embeddable":true,"href":"https:\/\/archive.sana.sy\/tr\/index.php?rest_route=\/wp\/v2\/media\/4729"}],"wp:attachment":[{"href":"https:\/\/archive.sana.sy\/tr\/index.php?rest_route=%2Fwp%2Fv2%2Fmedia&parent=4728"}],"wp:term":[{"taxonomy":"category","embeddable":true,"href":"https:\/\/archive.sana.sy\/tr\/index.php?rest_route=%2Fwp%2Fv2%2Fcategories&post=4728"},{"taxonomy":"post_tag","embeddable":true,"href":"https:\/\/archive.sana.sy\/tr\/index.php?rest_route=%2Fwp%2Fv2%2Ftags&post=4728"}],"curies":[{"name":"wp","href":"https:\/\/api.w.org\/{rel}","templated":true}]}}