{"id":47309,"date":"2015-09-20T15:51:35","date_gmt":"2015-09-20T12:51:35","guid":{"rendered":"http:\/\/www.sana.sy\/tr\/?p=47309"},"modified":"2015-09-20T15:57:30","modified_gmt":"2015-09-20T12:57:30","slug":"turkiyede-egitip-donattigi-onlarca-teroristi-halep-kirsalina-gonderdi","status":"publish","type":"post","link":"https:\/\/archive.sana.sy\/tr\/?p=47309","title":{"rendered":"T\u00fcrkiye&#8217;de E\u011fitip Donatt\u0131\u011f\u0131 75 Ter\u00f6risti Halep K\u0131rsal\u0131na G\u00f6nderdi"},"content":{"rendered":"<p>ANKARA \u2013 ABD; T\u00fcrkiye&#8217;deki Erdo\u011fan rejimiyle i\u015fbirli\u011fi i\u00e7inde T\u00fcrkiye topraklar\u0131 \u00fczerindeki ter\u00f6r kamplar\u0131nda \u2018Suriyeli \u0131l\u0131ml\u0131 muhalifler\u2019 ad\u0131 alt\u0131nda e\u011fitip geli\u015fmi\u015f silahlarla donatt\u0131\u011f\u0131 75\u00a0ter\u00f6risti Halep k\u0131rsal\u0131n\u0131n kuzeyine g\u00f6nderdi.<\/p>\n<p>Muhtelif medya ara\u00e7lar\u0131 s\u00f6z konusu ter\u00f6ristlerin T\u00fcrkiyeli, \u0130ngiliz ve Amerikan e\u011fitmenler taraf\u0131ndan e\u011fitilmeleri ard\u0131ndan makineli silahlarla donat\u0131lm\u0131\u015f 12 ara\u00e7la Bab el Selame s\u0131\u0131r kaps\u0131ndan Suriye&#8217;ye girdiklerini aktard\u0131.<\/p>\n<p>ABD Senato Meclisinde Cumhuriyet\u00e7i senat\u00f6rler ABD\u2019nin e\u011fit-donat program\u0131 ba\u015far\u0131s\u0131z ve sa\u00e7ma olarak nitelendirirken Washington idaresi bu programda de\u011fi\u015fiklik yapaca\u011f\u0131n\u0131, y\u0131lda be\u015f bin ter\u00f6rist yerine 500 ter\u00f6rist e\u011fitece\u011fini a\u00e7\u0131klad\u0131.<\/p>\n<p>ABD ve T\u00fcrkiye rejimi Suriye&#8217;de ter\u00f6re desteklerini \u00f6rtbas etme amac\u0131yla az\u0131l\u0131 katilleri \u2018\u0131l\u0131ml\u0131 muhalifler\u2019 olarak nitelendirirlerken; ordu birliklerimizin \u00f6zellikle s\u0131n\u0131r b\u00f6lgelerinde \u00f6ld\u00fcrd\u00fckleri az\u0131l\u0131 ter\u00f6ristlerin kimlikleri bu iddialar\u0131 ku\u015fkuya yer b\u0131rakmaks\u0131z\u0131n net bir \u015fekilde \u00e7\u00fcr\u00fct\u00fcyor. \u00d6yle ki son olarak \u0130dlib k\u0131rsal\u0131nda Erdo\u011fan\u2019\u0131n destek ve komutas\u0131yla Fua ve Kefrayya beldelerine sald\u0131r\u0131 esnas\u0131nda Kaide \u00d6rg\u00fct\u00fcn\u00fcn eski lideri Usama Bin ladin\u2019in yard\u0131mc\u0131lar\u0131ndan biri olup Kaide \u00d6rg\u00fct\u00fcn\u00fcn Suriye kolu Nusra Cephesinin \u00f6nemli bir e\u011fitim kamp\u0131ndan sorumlu olan Tunuslu \u2018Ebu el Hasan\u2019 kod ad\u0131yla bilinen az\u0131l\u0131 tekfirci ter\u00f6r eleba\u015f\u0131 \u00f6ld\u00fcr\u00fclm\u00fc\u015ft\u00fc.<\/p>\n","protected":false},"excerpt":{"rendered":"<p>ANKARA \u2013 ABD; T\u00fcrkiye&#8217;deki Erdo\u011fan rejimiyle i\u015fbirli\u011fi i\u00e7inde T\u00fcrkiye topraklar\u0131 \u00fczerindeki ter\u00f6r kamplar\u0131nda \u2018Suriyeli \u0131l\u0131ml\u0131 muhalifler\u2019 ad\u0131 alt\u0131nda e\u011fitip geli\u015fmi\u015f silahlarla donatt\u0131\u011f\u0131 75\u00a0ter\u00f6risti Halep k\u0131rsal\u0131n\u0131n kuzeyine g\u00f6nderdi. Muhtelif medya ara\u00e7lar\u0131 s\u00f6z konusu ter\u00f6ristlerin T\u00fcrkiyeli, \u0130ngiliz ve Amerikan e\u011fitmenler taraf\u0131ndan e\u011fitilmeleri ard\u0131ndan makineli silahlarla donat\u0131lm\u0131\u015f 12 ara\u00e7la Bab el Selame s\u0131\u0131r kaps\u0131ndan Suriye&#8217;ye girdiklerini aktard\u0131. ABD &hellip;<\/p>\n","protected":false},"author":1,"featured_media":47312,"comment_status":"closed","ping_status":"closed","sticky":false,"template":"","format":"standard","meta":{"footnotes":""},"categories":[458,459,447,2554,2555],"tags":[16818],"class_list":["post-47309","post","type-post","status-publish","format-standard","has-post-thumbnail","","category-dunya1","category-haberler-arap-uluslararasi-politika","category-politika","category-suriye-ve-dunya","category-suriye-ve-turkiye","tag-turkiyede-egitip-donattigi-onlarca-teroristi-halep-kirsalina-gonderdi"],"_links":{"self":[{"href":"https:\/\/archive.sana.sy\/tr\/index.php?rest_route=\/wp\/v2\/posts\/47309","targetHints":{"allow":["GET"]}}],"collection":[{"href":"https:\/\/archive.sana.sy\/tr\/index.php?rest_route=\/wp\/v2\/posts"}],"about":[{"href":"https:\/\/archive.sana.sy\/tr\/index.php?rest_route=\/wp\/v2\/types\/post"}],"author":[{"embeddable":true,"href":"https:\/\/archive.sana.sy\/tr\/index.php?rest_route=\/wp\/v2\/users\/1"}],"replies":[{"embeddable":true,"href":"https:\/\/archive.sana.sy\/tr\/index.php?rest_route=%2Fwp%2Fv2%2Fcomments&post=47309"}],"version-history":[{"count":0,"href":"https:\/\/archive.sana.sy\/tr\/index.php?rest_route=\/wp\/v2\/posts\/47309\/revisions"}],"wp:featuredmedia":[{"embeddable":true,"href":"https:\/\/archive.sana.sy\/tr\/index.php?rest_route=\/wp\/v2\/media\/47312"}],"wp:attachment":[{"href":"https:\/\/archive.sana.sy\/tr\/index.php?rest_route=%2Fwp%2Fv2%2Fmedia&parent=47309"}],"wp:term":[{"taxonomy":"category","embeddable":true,"href":"https:\/\/archive.sana.sy\/tr\/index.php?rest_route=%2Fwp%2Fv2%2Fcategories&post=47309"},{"taxonomy":"post_tag","embeddable":true,"href":"https:\/\/archive.sana.sy\/tr\/index.php?rest_route=%2Fwp%2Fv2%2Ftags&post=47309"}],"curies":[{"name":"wp","href":"https:\/\/api.w.org\/{rel}","templated":true}]}}