{"id":47389,"date":"2015-09-21T15:46:47","date_gmt":"2015-09-21T12:46:47","guid":{"rendered":"http:\/\/www.sana.sy\/tr\/?p=47389"},"modified":"2015-09-21T14:05:09","modified_gmt":"2015-09-21T11:05:09","slug":"kinama-ve-protestoyla-yetinmemelerini-istedi","status":"publish","type":"post","link":"https:\/\/archive.sana.sy\/tr\/?p=47389","title":{"rendered":"K\u0131nama ve Protestoyla Yetinmemelerini \u0130stedi"},"content":{"rendered":"<p>\u015eAM \u2013 Suriye Kalk\u0131nma Sekretaryas\u0131 ba\u015fta UNESCO olmak \u00fczere uluslar aras\u0131 muhtelif kurum ve \u00f6rg\u00fctleri t\u00fcm d\u00fcnyan\u0131n en \u00f6nemli miras\u0131ndan say\u0131lan Antik Palmira Kenti ba\u015fta olmak \u00fczere Suriye&#8217;deki tarihi eser ve medeniyet miras\u0131n\u0131n korunmas\u0131nda \u00fcstlerine d\u00fc\u015fen sorumlulu\u011fu ciddi bir \u015fekilde \u00fcstlenmelerine \u00e7a\u011f\u0131rd\u0131.<\/p>\n<p>D\u00fcnya halklar\u0131n\u0131n bug\u00fcn kutlad\u0131\u011f\u0131 d\u00fcnya bar\u0131\u015f g\u00fcn\u00fc m\u00fcnasebetiyle bug\u00fcn yay\u0131nlad\u0131\u011f\u0131 bildiride Sekretarya; s\u00f6z konusu \u00f6rg\u00fct ve kurumlardan bu konuda k\u0131nama ve protestoyla yetinmemelerini, pratik ve ciddi ad\u0131mlar atmalar\u0131n\u0131 istedi.<\/p>\n<p>Belli ba\u015fl\u0131 devletler taraf\u0131ndan desteklenen ter\u00f6r \u00f6rg\u00fctlerin Palmira ve daha ba\u015fka b\u00f6lgelerde tarihi eserlere verdikleri zarar \u0131\u015f\u0131k tutulan bildiride; \u00f6zellikle T\u00fcrkiye&#8217;de resmi ve gayr\u0131 resmi taraflar\u0131n bu ba\u011flamda tekfircilere sa\u011flad\u0131klar\u0131 deste\u011fe de dikkat \u00e7ekildi.<\/p>\n","protected":false},"excerpt":{"rendered":"<p>\u015eAM \u2013 Suriye Kalk\u0131nma Sekretaryas\u0131 ba\u015fta UNESCO olmak \u00fczere uluslar aras\u0131 muhtelif kurum ve \u00f6rg\u00fctleri t\u00fcm d\u00fcnyan\u0131n en \u00f6nemli miras\u0131ndan say\u0131lan Antik Palmira Kenti ba\u015fta olmak \u00fczere Suriye&#8217;deki tarihi eser ve medeniyet miras\u0131n\u0131n korunmas\u0131nda \u00fcstlerine d\u00fc\u015fen sorumlulu\u011fu ciddi bir \u015fekilde \u00fcstlenmelerine \u00e7a\u011f\u0131rd\u0131. D\u00fcnya halklar\u0131n\u0131n bug\u00fcn kutlad\u0131\u011f\u0131 d\u00fcnya bar\u0131\u015f g\u00fcn\u00fc m\u00fcnasebetiyle bug\u00fcn yay\u0131nlad\u0131\u011f\u0131 bildiride Sekretarya; s\u00f6z &hellip;<\/p>\n","protected":false},"author":1,"featured_media":47390,"comment_status":"closed","ping_status":"closed","sticky":false,"template":"","format":"standard","meta":{"footnotes":""},"categories":[516,511,447],"tags":[16828,16829,16830],"class_list":["post-47389","post","type-post","status-publish","format-standard","has-post-thumbnail","","category-haberler-kultur-ve-sanat","category-kultur-ve-sanat","category-politika","tag-kinama-ve-protestoyla-yetinmemelerini-istedi","tag-palmira","tag-suriye-kalkinma-sekretaryasi"],"_links":{"self":[{"href":"https:\/\/archive.sana.sy\/tr\/index.php?rest_route=\/wp\/v2\/posts\/47389","targetHints":{"allow":["GET"]}}],"collection":[{"href":"https:\/\/archive.sana.sy\/tr\/index.php?rest_route=\/wp\/v2\/posts"}],"about":[{"href":"https:\/\/archive.sana.sy\/tr\/index.php?rest_route=\/wp\/v2\/types\/post"}],"author":[{"embeddable":true,"href":"https:\/\/archive.sana.sy\/tr\/index.php?rest_route=\/wp\/v2\/users\/1"}],"replies":[{"embeddable":true,"href":"https:\/\/archive.sana.sy\/tr\/index.php?rest_route=%2Fwp%2Fv2%2Fcomments&post=47389"}],"version-history":[{"count":0,"href":"https:\/\/archive.sana.sy\/tr\/index.php?rest_route=\/wp\/v2\/posts\/47389\/revisions"}],"wp:featuredmedia":[{"embeddable":true,"href":"https:\/\/archive.sana.sy\/tr\/index.php?rest_route=\/wp\/v2\/media\/47390"}],"wp:attachment":[{"href":"https:\/\/archive.sana.sy\/tr\/index.php?rest_route=%2Fwp%2Fv2%2Fmedia&parent=47389"}],"wp:term":[{"taxonomy":"category","embeddable":true,"href":"https:\/\/archive.sana.sy\/tr\/index.php?rest_route=%2Fwp%2Fv2%2Fcategories&post=47389"},{"taxonomy":"post_tag","embeddable":true,"href":"https:\/\/archive.sana.sy\/tr\/index.php?rest_route=%2Fwp%2Fv2%2Ftags&post=47389"}],"curies":[{"name":"wp","href":"https:\/\/api.w.org\/{rel}","templated":true}]}}