{"id":47392,"date":"2015-09-21T14:30:59","date_gmt":"2015-09-21T11:30:59","guid":{"rendered":"http:\/\/www.sana.sy\/tr\/?p=47392"},"modified":"2015-09-21T14:28:22","modified_gmt":"2015-09-21T11:28:22","slug":"21-milyondan-fazla-okul-kitabi-ogrencilere-dagitildi","status":"publish","type":"post","link":"https:\/\/archive.sana.sy\/tr\/?p=47392","title":{"rendered":"2,1 Milyondan Fazla Okul Kitab\u0131 \u00d6\u011frencilere Da\u011f\u0131t\u0131ld\u0131"},"content":{"rendered":"<p>HASEKE \u2013 Haseke \u0130linde 2500\u2019den fazla okul kap\u0131lar\u0131n\u0131 240 binden fazla \u00f6\u011frenciye a\u00e7arken 2015-2016 \u00f6\u011fretim y\u0131l\u0131 g\u00fc\u00e7l\u00fc ve emin bir ba\u015flang\u0131\u00e7 kaydetti.<\/p>\n<p>Yurtsever Haseke ahalisi ter\u00f6re kar\u015f\u0131 ilimle silahlanma azmini ifade ederken; vatan\u0131n gelece\u011fini el ele kol kola yap\u0131land\u0131rma kararl\u0131l\u0131\u011f\u0131n\u0131 kaydetti.<\/p>\n<p>Bas\u0131m Yay\u0131m Kurumunun il m\u00fcd\u00fcr\u00fc H\u0131z\u0131r Salih ise il genelinde \u00f6\u011frencilere 2,1 milyon okul kitab\u0131n\u0131n \u00fccretsiz olarak da\u011f\u0131t\u0131ld\u0131\u011f\u0131n\u0131 a\u00e7\u0131klad\u0131.<\/p>\n<p>\u0130lk\u00f6\u011fretim Daire M\u00fcd\u00fcr\u00fc Faysal el Ali ise il genelindeki okullarda \u00f6\u011fretmen eksi\u011finin kapat\u0131ld\u0131\u011f\u0131n\u0131 s\u00f6yledi.<\/p>\n","protected":false},"excerpt":{"rendered":"<p>HASEKE \u2013 Haseke \u0130linde 2500\u2019den fazla okul kap\u0131lar\u0131n\u0131 240 binden fazla \u00f6\u011frenciye a\u00e7arken 2015-2016 \u00f6\u011fretim y\u0131l\u0131 g\u00fc\u00e7l\u00fc ve emin bir ba\u015flang\u0131\u00e7 kaydetti. Yurtsever Haseke ahalisi ter\u00f6re kar\u015f\u0131 ilimle silahlanma azmini ifade ederken; vatan\u0131n gelece\u011fini el ele kol kola yap\u0131land\u0131rma kararl\u0131l\u0131\u011f\u0131n\u0131 kaydetti. Bas\u0131m Yay\u0131m Kurumunun il m\u00fcd\u00fcr\u00fc H\u0131z\u0131r Salih ise il genelinde \u00f6\u011frencilere 2,1 milyon okul &hellip;<\/p>\n","protected":false},"author":1,"featured_media":47395,"comment_status":"closed","ping_status":"closed","sticky":false,"template":"","format":"standard","meta":{"footnotes":""},"categories":[479,478],"tags":[16833],"class_list":["post-47392","post","type-post","status-publish","format-standard","has-post-thumbnail","","category-haberler-yerel","category-yerel","tag-haseke-ilinde-2500den-fazla-okul-kapilarini-240-binden-fazla-ogrenciye-acarken"],"_links":{"self":[{"href":"https:\/\/archive.sana.sy\/tr\/index.php?rest_route=\/wp\/v2\/posts\/47392","targetHints":{"allow":["GET"]}}],"collection":[{"href":"https:\/\/archive.sana.sy\/tr\/index.php?rest_route=\/wp\/v2\/posts"}],"about":[{"href":"https:\/\/archive.sana.sy\/tr\/index.php?rest_route=\/wp\/v2\/types\/post"}],"author":[{"embeddable":true,"href":"https:\/\/archive.sana.sy\/tr\/index.php?rest_route=\/wp\/v2\/users\/1"}],"replies":[{"embeddable":true,"href":"https:\/\/archive.sana.sy\/tr\/index.php?rest_route=%2Fwp%2Fv2%2Fcomments&post=47392"}],"version-history":[{"count":0,"href":"https:\/\/archive.sana.sy\/tr\/index.php?rest_route=\/wp\/v2\/posts\/47392\/revisions"}],"wp:featuredmedia":[{"embeddable":true,"href":"https:\/\/archive.sana.sy\/tr\/index.php?rest_route=\/wp\/v2\/media\/47395"}],"wp:attachment":[{"href":"https:\/\/archive.sana.sy\/tr\/index.php?rest_route=%2Fwp%2Fv2%2Fmedia&parent=47392"}],"wp:term":[{"taxonomy":"category","embeddable":true,"href":"https:\/\/archive.sana.sy\/tr\/index.php?rest_route=%2Fwp%2Fv2%2Fcategories&post=47392"},{"taxonomy":"post_tag","embeddable":true,"href":"https:\/\/archive.sana.sy\/tr\/index.php?rest_route=%2Fwp%2Fv2%2Ftags&post=47392"}],"curies":[{"name":"wp","href":"https:\/\/api.w.org\/{rel}","templated":true}]}}