{"id":47400,"date":"2015-09-21T15:43:38","date_gmt":"2015-09-21T12:43:38","guid":{"rendered":"http:\/\/www.sana.sy\/tr\/?p=47400"},"modified":"2015-09-21T15:59:19","modified_gmt":"2015-09-21T12:59:19","slug":"terorle-mucadele-devletlerin-egemenligine-saygiyi-gerektiriyor","status":"publish","type":"post","link":"https:\/\/archive.sana.sy\/tr\/?p=47400","title":{"rendered":"Ter\u00f6rle M\u00fccadele Devletlerin Egemenli\u011fine Sayg\u0131y\u0131 Gerektiriyor"},"content":{"rendered":"<p>TAHRAN \u2013 \u0130ran Milli G\u00fcvenlik Y\u00fcksek Konseyi Sekreteri Ali \u015eamahani Bat\u0131l\u0131 devletlerin b\u00f6lge \u00fclkelerinin i\u00e7i\u015flerine m\u00fcdahalesini ele\u015ftirdi.<\/p>\n<p>Hollanda D\u0131\u015fi\u015fleri Bakan\u0131 Bert Koenders ile bug\u00fcn bir araya gelen \u015eamahani; yay\u0131lmakta olan ter\u00f6re kar\u015f\u0131 ger\u00e7ek ve ciddi m\u00fccadelenin, \u00f6zellikle Suriye ve Irak ba\u015fta olmak \u00fczere ba\u015fka devletlerin egemenlik ve ba\u011f\u0131ms\u0131zl\u0131klar\u0131na, kendi topraklar\u0131 \u00fczerindeki haklar\u0131na sayg\u0131 g\u00f6sterilmesini gerektirdi\u011finin alt\u0131n\u0131 \u00e7izdi.<\/p>\n<p>\u015eamahani ter\u00f6r sorunu ya\u015fayan devletlerdeki me\u015fru h\u00fck\u00fcmetlerle i\u015fbirli\u011fi ve koordinasyonun gere\u011fine dikkat \u00e7ekerek, bunun g\u00fcvenlik ve istikrar\u0131n sa\u011flanmas\u0131, ter\u00f6r\u00fcn de bertaraf edilmesi i\u00e7in mutlak bir gereklilik te\u015fkil etti\u011fini belirtti.<\/p>\n<p>Hollanda\u2019n\u0131n Avrupa Birli\u011finin d\u00f6nem ba\u015fkan\u0131 olmas\u0131n\u0131n b\u00f6lgede mevcut sorunlar\u0131n \u00e7\u00f6z\u00fcm\u00fcne katk\u0131 sa\u011flayabilece\u011fine i\u015faret eden \u015eamahani; ba\u015fka devletlerin egemenli\u011fine sayg\u0131 duyulmas\u0131 ve ter\u00f6re deste\u011fin kesilmesi halinde b\u00f6lgedeki bir\u00e7ok meselenin kolayl\u0131kla \u00e7\u00f6z\u00fclebilece\u011fini belirtti.<\/p>\n<p>G\u00f6r\u00fc\u015fmede Hollanda D\u0131\u015fi\u015fleri Bakan\u0131 Koenders b\u00f6lgede ya\u015fanan krizler ve mevcut ter\u00f6r\u00fc uluslar aras\u0131 bir tehlike olarak nitelendirdi. Koenders mevcut durumlar\u0131n devam etmesine ilaveten kimi devletlerin ter\u00f6r \u00f6rg\u00fctlere finans ve silah deste\u011fini s\u00fcrd\u00fcrmelerinin b\u00f6lge ve t\u00fcm d\u00fcnyada g\u00fcvenlik ve istikrara ciddi bir tehlike te\u015fkil etti\u011finin alt\u0131n\u0131 \u00e7izdi.<\/p>\n","protected":false},"excerpt":{"rendered":"<p>TAHRAN \u2013 \u0130ran Milli G\u00fcvenlik Y\u00fcksek Konseyi Sekreteri Ali \u015eamahani Bat\u0131l\u0131 devletlerin b\u00f6lge \u00fclkelerinin i\u00e7i\u015flerine m\u00fcdahalesini ele\u015ftirdi. Hollanda D\u0131\u015fi\u015fleri Bakan\u0131 Bert Koenders ile bug\u00fcn bir araya gelen \u015eamahani; yay\u0131lmakta olan ter\u00f6re kar\u015f\u0131 ger\u00e7ek ve ciddi m\u00fccadelenin, \u00f6zellikle Suriye ve Irak ba\u015fta olmak \u00fczere ba\u015fka devletlerin egemenlik ve ba\u011f\u0131ms\u0131zl\u0131klar\u0131na, kendi topraklar\u0131 \u00fczerindeki haklar\u0131na sayg\u0131 g\u00f6sterilmesini gerektirdi\u011finin &hellip;<\/p>\n","protected":false},"author":1,"featured_media":47401,"comment_status":"closed","ping_status":"closed","sticky":false,"template":"","format":"standard","meta":{"footnotes":""},"categories":[458,459,447],"tags":[16835,16836,16834],"class_list":["post-47400","post","type-post","status-publish","format-standard","has-post-thumbnail","","category-dunya1","category-haberler-arap-uluslararasi-politika","category-politika","tag-hollanda-disisleri-bakani-bert-koenders","tag-iran-milli-guvenlik-yuksek-konseyi-sekreteri-ali-samahani","tag-terorle-mucadele-devletlerin-egemenligine-saygiyi-gerektiriyor"],"_links":{"self":[{"href":"https:\/\/archive.sana.sy\/tr\/index.php?rest_route=\/wp\/v2\/posts\/47400","targetHints":{"allow":["GET"]}}],"collection":[{"href":"https:\/\/archive.sana.sy\/tr\/index.php?rest_route=\/wp\/v2\/posts"}],"about":[{"href":"https:\/\/archive.sana.sy\/tr\/index.php?rest_route=\/wp\/v2\/types\/post"}],"author":[{"embeddable":true,"href":"https:\/\/archive.sana.sy\/tr\/index.php?rest_route=\/wp\/v2\/users\/1"}],"replies":[{"embeddable":true,"href":"https:\/\/archive.sana.sy\/tr\/index.php?rest_route=%2Fwp%2Fv2%2Fcomments&post=47400"}],"version-history":[{"count":0,"href":"https:\/\/archive.sana.sy\/tr\/index.php?rest_route=\/wp\/v2\/posts\/47400\/revisions"}],"wp:featuredmedia":[{"embeddable":true,"href":"https:\/\/archive.sana.sy\/tr\/index.php?rest_route=\/wp\/v2\/media\/47401"}],"wp:attachment":[{"href":"https:\/\/archive.sana.sy\/tr\/index.php?rest_route=%2Fwp%2Fv2%2Fmedia&parent=47400"}],"wp:term":[{"taxonomy":"category","embeddable":true,"href":"https:\/\/archive.sana.sy\/tr\/index.php?rest_route=%2Fwp%2Fv2%2Fcategories&post=47400"},{"taxonomy":"post_tag","embeddable":true,"href":"https:\/\/archive.sana.sy\/tr\/index.php?rest_route=%2Fwp%2Fv2%2Ftags&post=47400"}],"curies":[{"name":"wp","href":"https:\/\/api.w.org\/{rel}","templated":true}]}}