{"id":47407,"date":"2015-09-21T15:49:02","date_gmt":"2015-09-21T12:49:02","guid":{"rendered":"http:\/\/www.sana.sy\/tr\/?p=47407"},"modified":"2015-09-22T15:40:26","modified_gmt":"2015-09-22T12:40:26","slug":"secimleri-kazanan-10-milletvekilinin-karari-onaylandi","status":"publish","type":"post","link":"https:\/\/archive.sana.sy\/tr\/?p=47407","title":{"rendered":"Se\u00e7imleri Kazanan 10 Milletvekilinin Karar\u0131 Onayland\u0131"},"content":{"rendered":"<p>\u015eAM \u2013 Cumhurba\u015fkan\u0131 Be\u015f\u015far el Esad bug\u00fcn; Halk Meclisinde bo\u015f sandalyeler i\u00e7in d\u00fczenlenen se\u00e7imleri kazanan 10 milletvekilinin karar\u0131n\u0131 onaylayan 2015\/244 say\u0131l\u0131 kararnameyi imzalad\u0131.<\/p>\n<p>2014\/5 say\u0131l\u0131 genel se\u00e7imler kanunu, 2015\/214 say\u0131l\u0131 kararname ve Se\u00e7im Y\u00fcksek Yarg\u0131 Komisyonunun 12-08-2015 tarihli tutana\u011f\u0131 kapsam\u0131nda 19-09-2015 tarihinde d\u00fczenlenen se\u00e7im sonu\u00e7lar\u0131 \u00fczerine:<\/p>\n<p>1 \u2013 \u015eam se\u00e7im dairesi B sekt\u00f6r\u00fcnden Semir Abd\u00fclmumin el Cezairi,<\/p>\n<p>2 \u2013 \u015eam se\u00e7im dairesi B sekt\u00f6r\u00fcnden Tarif Abd\u00fclmecit Kotra\u015f,<\/p>\n<p>3 \u2013 \u015eam \u00e7evre kent se\u00e7im dairesi B sekt\u00f6r\u00fcnden Ahmet Ahmet Dalati,<\/p>\n<p>4 \u2013 Homs se\u00e7im dairesi B sekt\u00f6r\u00fcnden Ziyad Ahmet Talip,<\/p>\n<p>5 \u2013 Halep se\u00e7im dairesi B sekt\u00f6r\u00fcnden \u00d6mer Ahmet el Arub,<\/p>\n<p>6 \u2013 Halep se\u00e7im dairesi B sekt\u00f6r\u00fcnden Abd\u00fcrrezzak Salih Bereket,<\/p>\n<p>7 \u2013 Rakka se\u00e7im dairesi B sekt\u00f6r\u00fcnden Faysal Hac\u0131 \u00d6mer Bin \u0130brahim,<\/p>\n<p>8 \u2013 Haseke se\u00e7im dairesi A sekt\u00f6r\u00fcnden Nidal Korkis Ey\u015fu,<\/p>\n<p>9 \u2013 Dera se\u00e7im dairesi A sekt\u00f6r\u00fcnden Ali Ahmet Gazali,<\/p>\n<p>10 \u2013 Kunaytra se\u00e7im dairesi B sekt\u00f6r\u00fcnden Muhammed Ahmet el Ufey\u015f;<\/p>\n<p>Karar\u0131n resmi gazetelerde yay\u0131nlanmas\u0131yla s\u00f6z konusu \u015fahsiyetler Halk Meclisinde milletvekilleri s\u0131fat\u0131n\u0131 ta\u015f\u0131d\u0131lar.<\/p>\n","protected":false},"excerpt":{"rendered":"<p>\u015eAM \u2013 Cumhurba\u015fkan\u0131 Be\u015f\u015far el Esad bug\u00fcn; Halk Meclisinde bo\u015f sandalyeler i\u00e7in d\u00fczenlenen se\u00e7imleri kazanan 10 milletvekilinin karar\u0131n\u0131 onaylayan 2015\/244 say\u0131l\u0131 kararnameyi imzalad\u0131. 2014\/5 say\u0131l\u0131 genel se\u00e7imler kanunu, 2015\/214 say\u0131l\u0131 kararname ve Se\u00e7im Y\u00fcksek Yarg\u0131 Komisyonunun 12-08-2015 tarihli tutana\u011f\u0131 kapsam\u0131nda 19-09-2015 tarihinde d\u00fczenlenen se\u00e7im sonu\u00e7lar\u0131 \u00fczerine: 1 \u2013 \u015eam se\u00e7im dairesi B sekt\u00f6r\u00fcnden Semir Abd\u00fclmumin &hellip;<\/p>\n","protected":false},"author":1,"featured_media":8378,"comment_status":"closed","ping_status":"closed","sticky":false,"template":"","format":"standard","meta":{"footnotes":""},"categories":[479,605,612,599,478],"tags":[16402,16838,16837],"class_list":["post-47407","post","type-post","status-publish","format-standard","has-post-thumbnail","","category-haberler-yerel","category-sayin-cumhurbaskani","category-yasama-kararnameler","category-yasama-ve-kanunlar","category-yerel","tag-cumhurbaskani-bessar-el-esad","tag-halk-meclisi","tag-secimleri-kazanan-10-milletvekilinin-karari-onaylandi"],"_links":{"self":[{"href":"https:\/\/archive.sana.sy\/tr\/index.php?rest_route=\/wp\/v2\/posts\/47407","targetHints":{"allow":["GET"]}}],"collection":[{"href":"https:\/\/archive.sana.sy\/tr\/index.php?rest_route=\/wp\/v2\/posts"}],"about":[{"href":"https:\/\/archive.sana.sy\/tr\/index.php?rest_route=\/wp\/v2\/types\/post"}],"author":[{"embeddable":true,"href":"https:\/\/archive.sana.sy\/tr\/index.php?rest_route=\/wp\/v2\/users\/1"}],"replies":[{"embeddable":true,"href":"https:\/\/archive.sana.sy\/tr\/index.php?rest_route=%2Fwp%2Fv2%2Fcomments&post=47407"}],"version-history":[{"count":0,"href":"https:\/\/archive.sana.sy\/tr\/index.php?rest_route=\/wp\/v2\/posts\/47407\/revisions"}],"wp:featuredmedia":[{"embeddable":true,"href":"https:\/\/archive.sana.sy\/tr\/index.php?rest_route=\/wp\/v2\/media\/8378"}],"wp:attachment":[{"href":"https:\/\/archive.sana.sy\/tr\/index.php?rest_route=%2Fwp%2Fv2%2Fmedia&parent=47407"}],"wp:term":[{"taxonomy":"category","embeddable":true,"href":"https:\/\/archive.sana.sy\/tr\/index.php?rest_route=%2Fwp%2Fv2%2Fcategories&post=47407"},{"taxonomy":"post_tag","embeddable":true,"href":"https:\/\/archive.sana.sy\/tr\/index.php?rest_route=%2Fwp%2Fv2%2Ftags&post=47407"}],"curies":[{"name":"wp","href":"https:\/\/api.w.org\/{rel}","templated":true}]}}