{"id":47409,"date":"2015-09-21T11:25:41","date_gmt":"2015-09-21T08:25:41","guid":{"rendered":"http:\/\/www.sana.sy\/tr\/?p=47409"},"modified":"2015-09-21T15:25:59","modified_gmt":"2015-09-21T12:25:59","slug":"kunaytra-kirsalinda-siyonist-israilin-aleni-ve-direk-destegini-alan-basta-kaide-orgutunun-suriye-kolu-nusra-cephesi-ve-ilimli-muhalifler-adi-verilen-diger-teroristlere-yonel","status":"publish","type":"post","link":"https:\/\/archive.sana.sy\/tr\/?p=47409","title":{"rendered":"Kunaytra k\u0131rsal\u0131nda siyonist \u0130srail\u2019in aleni ve direk deste\u011fini alan ba\u015fta Kaide \u00d6rg\u00fct\u00fcn\u00fcn Suriye kolu Nusra Cephesi ve \u2018\u0131l\u0131ml\u0131 muhalifler\u2019 ad\u0131 verilen di\u011fer ter\u00f6ristlere y\u00f6nelik operasyonlar\u0131nda ordu birliklerimiz bug\u00fcn; Hmeydiye K\u00f6y\u00fc eksenlerinde toplanma yerleri ve i\u015fgal otoritelerinden destek hatlar\u0131n\u0131 nitelikli operasyonlarla hedef ald\u0131"},"content":{"rendered":"<p>Kunaytra k\u0131rsal\u0131nda siyonist \u0130srail\u2019in aleni ve direk deste\u011fini alan ba\u015fta Kaide \u00d6rg\u00fct\u00fcn\u00fcn Suriye kolu Nusra Cephesi ve \u2018\u0131l\u0131ml\u0131 muhalifler\u2019 ad\u0131 verilen di\u011fer ter\u00f6ristlere y\u00f6nelik operasyonlar\u0131nda ordu birliklerimiz bug\u00fcn; Hmeydiye K\u00f6y\u00fc eksenlerinde toplanma yerleri ve i\u015fgal otoritelerinden destek hatlar\u0131n\u0131 nitelikli operasyonlarla hedef ald\u0131<\/p>\n","protected":false},"excerpt":{"rendered":"<p>Kunaytra k\u0131rsal\u0131nda siyonist \u0130srail\u2019in aleni ve direk deste\u011fini alan ba\u015fta Kaide \u00d6rg\u00fct\u00fcn\u00fcn Suriye kolu Nusra Cephesi ve \u2018\u0131l\u0131ml\u0131 muhalifler\u2019 ad\u0131 verilen di\u011fer ter\u00f6ristlere y\u00f6nelik operasyonlar\u0131nda ordu birliklerimiz bug\u00fcn; Hmeydiye K\u00f6y\u00fc eksenlerinde toplanma yerleri ve i\u015fgal otoritelerinden destek hatlar\u0131n\u0131 nitelikli operasyonlarla hedef ald\u0131<\/p>\n","protected":false},"author":1,"featured_media":0,"comment_status":"closed","ping_status":"closed","sticky":false,"template":"","format":"standard","meta":{"footnotes":""},"categories":[1],"tags":[],"class_list":["post-47409","post","type-post","status-publish","format-standard","","category-news-not-sorted"],"_links":{"self":[{"href":"https:\/\/archive.sana.sy\/tr\/index.php?rest_route=\/wp\/v2\/posts\/47409","targetHints":{"allow":["GET"]}}],"collection":[{"href":"https:\/\/archive.sana.sy\/tr\/index.php?rest_route=\/wp\/v2\/posts"}],"about":[{"href":"https:\/\/archive.sana.sy\/tr\/index.php?rest_route=\/wp\/v2\/types\/post"}],"author":[{"embeddable":true,"href":"https:\/\/archive.sana.sy\/tr\/index.php?rest_route=\/wp\/v2\/users\/1"}],"replies":[{"embeddable":true,"href":"https:\/\/archive.sana.sy\/tr\/index.php?rest_route=%2Fwp%2Fv2%2Fcomments&post=47409"}],"version-history":[{"count":0,"href":"https:\/\/archive.sana.sy\/tr\/index.php?rest_route=\/wp\/v2\/posts\/47409\/revisions"}],"wp:attachment":[{"href":"https:\/\/archive.sana.sy\/tr\/index.php?rest_route=%2Fwp%2Fv2%2Fmedia&parent=47409"}],"wp:term":[{"taxonomy":"category","embeddable":true,"href":"https:\/\/archive.sana.sy\/tr\/index.php?rest_route=%2Fwp%2Fv2%2Fcategories&post=47409"},{"taxonomy":"post_tag","embeddable":true,"href":"https:\/\/archive.sana.sy\/tr\/index.php?rest_route=%2Fwp%2Fv2%2Ftags&post=47409"}],"curies":[{"name":"wp","href":"https:\/\/api.w.org\/{rel}","templated":true}]}}