{"id":47414,"date":"2015-09-21T15:00:05","date_gmt":"2015-09-21T12:00:05","guid":{"rendered":"http:\/\/www.sana.sy\/tr\/?p=47414"},"modified":"2015-09-22T15:45:43","modified_gmt":"2015-09-22T12:45:43","slug":"haseke-kirsalinda-2-bombali-eylem","status":"publish","type":"post","link":"https:\/\/archive.sana.sy\/tr\/?p=47414","title":{"rendered":"Haseke K\u0131rsal\u0131nda 2 Bombal\u0131 Ter\u00f6r Eylemi"},"content":{"rendered":"<p>HASEKE \u2013 T\u00fcrkiye\u2019deki ihvanc\u0131 Erdo\u011fan ve rejiminden lojistik destek alan ter\u00f6ristlerden iki intihar eylemcisi ter\u00f6rist bug\u00fcn Haseke k\u0131rsal\u0131nda \u015fiddetli etkiye sahip b\u00fcy\u00fck miktarda patlay\u0131c\u0131 ile haz\u0131rlanm\u0131\u015f bombal\u0131 ara\u00e7larla iki bombal\u0131 eylem d\u00fczenledi.<\/p>\n<p>Haseke \u0130l Emniyet M\u00fcd\u00fcrl\u00fc\u011f\u00fcnde bir kaynak bombal\u0131 eylemlerin ilkinin Ras el Ayn Kentinin kenarlar\u0131na d\u00fc\u015fen Hamdo Yak\u0131t \u0130stasyonu yak\u0131n\u0131nda, ikincisinin ise Haseke Kentinin g\u00fcneydo\u011fusuna d\u00fc\u015fen Me\u015frafa K\u00f6y\u00fcn\u00fcn giri\u015finde d\u00fczenlendi\u011fini aktard\u0131.<\/p>\n<p>\u0130ki patlamada ilk verilere 4 ki\u015finin \u015fehit, 4 ki\u015finin de yaral\u0131 d\u00fc\u015ft\u00fcklerine dikkat \u00e7eken kaynak; olay yerlerinde de maddi hasar\u0131n olu\u015ftu\u011funu s\u00f6zlerine ekledi.<\/p>\n","protected":false},"excerpt":{"rendered":"<p>HASEKE \u2013 T\u00fcrkiye\u2019deki ihvanc\u0131 Erdo\u011fan ve rejiminden lojistik destek alan ter\u00f6ristlerden iki intihar eylemcisi ter\u00f6rist bug\u00fcn Haseke k\u0131rsal\u0131nda \u015fiddetli etkiye sahip b\u00fcy\u00fck miktarda patlay\u0131c\u0131 ile haz\u0131rlanm\u0131\u015f bombal\u0131 ara\u00e7larla iki bombal\u0131 eylem d\u00fczenledi. Haseke \u0130l Emniyet M\u00fcd\u00fcrl\u00fc\u011f\u00fcnde bir kaynak bombal\u0131 eylemlerin ilkinin Ras el Ayn Kentinin kenarlar\u0131na d\u00fc\u015fen Hamdo Yak\u0131t \u0130stasyonu yak\u0131n\u0131nda, ikincisinin ise Haseke Kentinin &hellip;<\/p>\n","protected":false},"author":1,"featured_media":47433,"comment_status":"closed","ping_status":"closed","sticky":false,"template":"","format":"standard","meta":{"footnotes":""},"categories":[479,575,478],"tags":[16839],"class_list":["post-47414","post","type-post","status-publish","format-standard","has-post-thumbnail","","category-haberler-yerel","category-olaylar-ve-gercekler","category-yerel","tag-haseke-kirsalinda-2-bombali-eylem"],"_links":{"self":[{"href":"https:\/\/archive.sana.sy\/tr\/index.php?rest_route=\/wp\/v2\/posts\/47414","targetHints":{"allow":["GET"]}}],"collection":[{"href":"https:\/\/archive.sana.sy\/tr\/index.php?rest_route=\/wp\/v2\/posts"}],"about":[{"href":"https:\/\/archive.sana.sy\/tr\/index.php?rest_route=\/wp\/v2\/types\/post"}],"author":[{"embeddable":true,"href":"https:\/\/archive.sana.sy\/tr\/index.php?rest_route=\/wp\/v2\/users\/1"}],"replies":[{"embeddable":true,"href":"https:\/\/archive.sana.sy\/tr\/index.php?rest_route=%2Fwp%2Fv2%2Fcomments&post=47414"}],"version-history":[{"count":0,"href":"https:\/\/archive.sana.sy\/tr\/index.php?rest_route=\/wp\/v2\/posts\/47414\/revisions"}],"wp:featuredmedia":[{"embeddable":true,"href":"https:\/\/archive.sana.sy\/tr\/index.php?rest_route=\/wp\/v2\/media\/47433"}],"wp:attachment":[{"href":"https:\/\/archive.sana.sy\/tr\/index.php?rest_route=%2Fwp%2Fv2%2Fmedia&parent=47414"}],"wp:term":[{"taxonomy":"category","embeddable":true,"href":"https:\/\/archive.sana.sy\/tr\/index.php?rest_route=%2Fwp%2Fv2%2Fcategories&post=47414"},{"taxonomy":"post_tag","embeddable":true,"href":"https:\/\/archive.sana.sy\/tr\/index.php?rest_route=%2Fwp%2Fv2%2Ftags&post=47414"}],"curies":[{"name":"wp","href":"https:\/\/api.w.org\/{rel}","templated":true}]}}