{"id":47463,"date":"2015-09-22T12:18:13","date_gmt":"2015-09-22T09:18:13","guid":{"rendered":"http:\/\/sana.sy\/tr\/?p=47463"},"modified":"2015-09-23T15:56:02","modified_gmt":"2015-09-23T12:56:02","slug":"turkiye-rejimi-tehcir-edilen-suriyelilerin-ticaretini-yapiyor","status":"publish","type":"post","link":"https:\/\/archive.sana.sy\/tr\/?p=47463","title":{"rendered":"T\u00fcrkiye Rejimi Tehcir Edilen Suriyelilerin Ticaretini Yap\u0131yor"},"content":{"rendered":"<p>NEW YORK \u2013 Suriye Arap Cumhuriyeti; Birle\u015fmi\u015f Milletler ve t\u00fcm \u00fcye devletlerini, ter\u00f6rle m\u00fccadelede ciddi ve d\u00fcr\u00fcst bir sorumluluk \u00fcstlenmeye, y\u0131llar boyunca temel al\u0131nan ilgili kararlar\u0131n kat\u0131 ve b\u00fct\u00fcnsel olarak uygulanmas\u0131na, ter\u00f6r\u00fc destekleyen devletlerden hesap sorulup bu desteklerini uluslar aras\u0131 kararlar kapsam\u0131nda kesmelerine zorlanmalar\u0131na \u00e7a\u011f\u0131rd\u0131.<\/p>\n<p>Suriye&#8217;nin BM\u2019deki daimi temsilcisi Be\u015f\u015far el Caferi Suriye h\u00fck\u00fcmetinin talimatlar\u0131 \u00fczerine BM genel sekreteri ve G\u00fcvenlik Konseyi ba\u015fkan\u0131na g\u00f6nderdi\u011fi iki e\u015f resmi mektupta; G\u00fcvenlik Konseyinin ter\u00f6rle m\u00fccadeleye ili\u015fkin ald\u0131\u011f\u0131 kararlar\u0131n ciddi ve d\u00fcr\u00fcst bir \u015fekilde hayata ge\u00e7irilmeleri \u00f6nemine dikkat \u00e7ekti.<\/p>\n<p>Caferi 4,5 y\u0131la a\u015fk\u0131n bir zamand\u0131r Suriye&#8217;yi devlet ve halk olarak hedef alan ter\u00f6r\u00fcn, vah\u015fet ve barbarl\u0131\u011f\u0131nda daha \u00f6nce benzeri g\u00f6r\u00fclmemi\u015f hat safhas\u0131na ula\u015ft\u0131\u011f\u0131n\u0131 ifade etti. Suriye&#8217;nin daha \u00f6nce BM ve G\u00fcvenlik Konseyine g\u00f6nderdi\u011fi bir dizi resmi belgelerde Suriye&#8217;de masum sivil inanlar\u0131n maruz kald\u0131klar\u0131 ter\u00f6r vah\u015fetinin ayr\u0131nt\u0131lar\u0131na dikkat \u00e7ekti\u011fini belirten Caferi; belli ba\u015fl\u0131 devletler taraf\u0131ndan desteklenen ter\u00f6ristlerin son olarak Halep, \u015eam, \u0130dlib ve daha ba\u015fka illerde sivil yerle\u015fim alanlar\u0131na roket ve f\u00fcze sald\u0131r\u0131lar\u0131na bir kez daha vurgu yapt\u0131.<\/p>\n<p>BM\u2019de \u00fcye \u00fclkelerin BM misak\u0131 ve G\u00fcvenlik Konseyinin ilgili kararlar\u0131na ba\u011fl\u0131 kalmamalar\u0131yla ter\u00f6r\u00fcn daha geni\u015f b\u00f6lgelere yay\u0131ld\u0131\u011f\u0131n\u0131 ve daha \u00e7ok masum insan\u0131n can\u0131na k\u0131yd\u0131\u011f\u0131n\u0131 ifade eden Caferi; bu devletlerin halklar\u0131n\u0131n ayn\u0131 ter\u00f6r\u00fcn tehlikesinden uzak olmad\u0131\u011f\u0131n\u0131 bir kez daha ifade etti.<\/p>\n<p>Caferi BM ve G\u00fcvenlik Konseyinin ter\u00f6rle m\u00fccadele sorumluluklar\u0131n\u0131 \u00fcstlenmelerinin yan\u0131nda T\u00fcrkiye&#8217;de Recep Tayip Erdo\u011fan ve rejimini ter\u00f6re desteklerine son vermesine ilaveten bu destekleriyle ter\u00f6r \u00e7etelerinin tehcir ettikleri Suriyeli vatanda\u015flar\u0131n ac\u0131lar\u0131yla ticaret yapmas\u0131na s\u0131n\u0131r koymalar\u0131na davet etti. Erdo\u011fan ve rejiminin ayn\u0131 zamanda T\u00fcrkiye topraklar\u0131 \u00fczerinden ba\u015fka devletlerin Suriye ve halk\u0131na kar\u015f\u0131 d\u00fc\u015fmanc\u0131 icraatlar almalar\u0131na yard\u0131mc\u0131 oldu\u011funa i\u015faret eden Caferi; T\u00fcrkiye&#8217;deki rejimin ticaretini yapmak ve siyasi \u00e7\u0131karlar elde etmek amac\u0131yla T\u00fcrkiye&#8217;de bulunan tehcir edilmi\u015f Suriyelileri Avrupa&#8217;ya do\u011fru s\u00fcr\u00fckledi\u011fine dikkat \u00e7ekti. Caferi Erdo\u011fan\u2019\u0131n akl\u0131 s\u0131ra tehcir edilmi\u015f Suriyelileri Avrupa\u2019ya g\u00f6\u00e7e itmekle Avrupa ve ABD\u2019nin onun Suriye&#8217;ye ili\u015fkin taleplerine boyun e\u011fece\u011fini d\u00fc\u015f\u00fcnd\u00fc\u011f\u00fcn\u00fc, s\u0131n\u0131rda kurmaya \u00e7al\u0131\u015ft\u0131\u011f\u0131 \u2018tampon b\u00f6lgeyi\u2019 onaylayacaklar\u0131n\u0131 sand\u0131\u011f\u0131n\u0131 s\u00f6zlerine ekledi.<\/p>\n<p>Erdo\u011fan ve rejiminin BM genel kurulu cemiyetinin d\u00fczenlenecek oturum g\u00fcndeminde \u2018Suriyeli m\u00fclteciler\u2019 ad\u0131 alt\u0131nda bir tart\u0131\u015fma bendi eklenmesini talep etmesinin Suriye ve halk\u0131na kar\u015f\u0131 sinsi planlar\u0131 kapsam\u0131nda geldi\u011fine vurgu yapan Caferi; Erdo\u011fan\u2019\u0131n bununla \u00f6n\u00fcm\u00fczdeki s\u00fcre\u00e7 i\u00e7inde \u0130stanbul\u2019da d\u00fczenlenecek Uluslararas\u0131 \u0130nsani Zirve\u2019de bir oyun kart\u0131 olarak kullanmay\u0131 planlad\u0131\u011f\u0131n\u0131 belirtti.<\/p>\n<p>Suriye&#8217;nin BM\u2019deki Daimi Temsilcisi Caferi; Suriye&#8217;de siyasi \u00e7\u00f6z\u00fcm yada tehcir edilenlerin meselesinin ter\u00f6r\u00fc bertaraf etmeden \u00e7\u00f6z\u00fclmelerinin m\u00fcmk\u00fcn olmad\u0131\u011f\u0131n\u0131 bir kez daha vurgulad\u0131. Caferi bunun i\u00e7inde uluslar aras\u0131 \u00e7abalar\u0131n d\u00fcr\u00fcst ve ciddi bir \u015fekilde birle\u015ftirilmesi \u00f6neminin alt\u0131n\u0131 \u00e7izdi.<\/p>\n<p>R.H.<\/p>\n","protected":false},"excerpt":{"rendered":"<p>NEW YORK \u2013 Suriye Arap Cumhuriyeti; Birle\u015fmi\u015f Milletler ve t\u00fcm \u00fcye devletlerini, ter\u00f6rle m\u00fccadelede ciddi ve d\u00fcr\u00fcst bir sorumluluk \u00fcstlenmeye, y\u0131llar boyunca temel al\u0131nan ilgili kararlar\u0131n kat\u0131 ve b\u00fct\u00fcnsel olarak uygulanmas\u0131na, ter\u00f6r\u00fc destekleyen devletlerden hesap sorulup bu desteklerini uluslar aras\u0131 kararlar kapsam\u0131nda kesmelerine zorlanmalar\u0131na \u00e7a\u011f\u0131rd\u0131. Suriye&#8217;nin BM\u2019deki daimi temsilcisi Be\u015f\u015far el Caferi Suriye h\u00fck\u00fcmetinin talimatlar\u0131 &hellip;<\/p>\n","protected":false},"author":1,"featured_media":47464,"comment_status":"closed","ping_status":"closed","sticky":false,"template":"","format":"standard","meta":{"footnotes":""},"categories":[458,459,2554,2555],"tags":[16841,16843,16840,16842],"class_list":["post-47463","post","type-post","status-publish","format-standard","has-post-thumbnail","","category-dunya1","category-haberler-arap-uluslararasi-politika","category-suriye-ve-dunya","category-suriye-ve-turkiye","tag-terorle-mucadelede-ciddi-ve-durust-bir-sorumluluk-ustlenmeye","tag-teroru-destekleyen-devletlerden-hesap-sorulup-bu-desteklerini-uluslar-arasi-kararlar-kapsaminda-kesmelerine-zorlanmalarina-cagirdi","tag-turkiye-rejimi-tehcir-edilen-suriyelilerin-ticaretini-yapiyor-new-york-suriye-arap-cumhuriyeti-birlesmis-milletler-ve-tum-uye-devletlerini","tag-yillar-boyunca-temel-alinan-ilgili-kararlarin-kati-ve-butunsel-olarak-uygulanmasina"],"_links":{"self":[{"href":"https:\/\/archive.sana.sy\/tr\/index.php?rest_route=\/wp\/v2\/posts\/47463","targetHints":{"allow":["GET"]}}],"collection":[{"href":"https:\/\/archive.sana.sy\/tr\/index.php?rest_route=\/wp\/v2\/posts"}],"about":[{"href":"https:\/\/archive.sana.sy\/tr\/index.php?rest_route=\/wp\/v2\/types\/post"}],"author":[{"embeddable":true,"href":"https:\/\/archive.sana.sy\/tr\/index.php?rest_route=\/wp\/v2\/users\/1"}],"replies":[{"embeddable":true,"href":"https:\/\/archive.sana.sy\/tr\/index.php?rest_route=%2Fwp%2Fv2%2Fcomments&post=47463"}],"version-history":[{"count":0,"href":"https:\/\/archive.sana.sy\/tr\/index.php?rest_route=\/wp\/v2\/posts\/47463\/revisions"}],"wp:featuredmedia":[{"embeddable":true,"href":"https:\/\/archive.sana.sy\/tr\/index.php?rest_route=\/wp\/v2\/media\/47464"}],"wp:attachment":[{"href":"https:\/\/archive.sana.sy\/tr\/index.php?rest_route=%2Fwp%2Fv2%2Fmedia&parent=47463"}],"wp:term":[{"taxonomy":"category","embeddable":true,"href":"https:\/\/archive.sana.sy\/tr\/index.php?rest_route=%2Fwp%2Fv2%2Fcategories&post=47463"},{"taxonomy":"post_tag","embeddable":true,"href":"https:\/\/archive.sana.sy\/tr\/index.php?rest_route=%2Fwp%2Fv2%2Ftags&post=47463"}],"curies":[{"name":"wp","href":"https:\/\/api.w.org\/{rel}","templated":true}]}}