{"id":47466,"date":"2015-09-22T12:26:09","date_gmt":"2015-09-22T09:26:09","guid":{"rendered":"http:\/\/sana.sy\/tr\/?p=47466"},"modified":"2015-09-22T12:26:09","modified_gmt":"2015-09-22T09:26:09","slug":"rusya-olmadan-hicbir-sorunu-cozmek-mumkun-degildir","status":"publish","type":"post","link":"https:\/\/archive.sana.sy\/tr\/?p=47466","title":{"rendered":"Rusya Olmadan Hi\u00e7bir Sorunu \u00c7\u00f6zmek M\u00fcmk\u00fcn De\u011fildir"},"content":{"rendered":"<p>MOSKOVA \u2013 Vatikan Papas\u0131 Franciscus d\u00fcnyada hi\u00e7bir b\u00fcy\u00fck sorunun Rusya&#8217;dan uzak bir \u015fekilde \u00e7\u00f6z\u00fclmesinin m\u00fcmk\u00fcn olmad\u0131\u011f\u0131n\u0131 belirtti.<\/p>\n<p>Onuncu hac turu kapsam\u0131nda d\u00fcn K\u00fcba kentleri \u00fczerinde dola\u015ft\u0131\u011f\u0131 u\u00e7a\u011f\u0131ndan yapt\u0131\u011f\u0131 ve RT web sitesinin aktard\u0131\u011f\u0131 a\u00e7\u0131klamalar\u0131nda Papa Franciscus; Vatikan ile Rusya&#8217;n\u0131n Vatikan\u2019daki b\u00fcy\u00fckel\u00e7ili\u011fi aras\u0131ndaki i\u015fbirli\u011fi d\u00fczeyinden memnuniyetini ifade etti.<\/p>\n<p>Papa Farnciscus\u2019un New York\u2019ta d\u00fczenlenecek BM genel kurulu 70 d\u00f6nem oturumlar\u0131na kat\u0131lmas\u0131 ve ba\u015fta Suriye&#8217;deki kriz olmak \u00fczere Ortado\u011fu B\u00f6lgesindeki meselelerin en k\u0131sa s\u00fcre i\u00e7inde \u00e7\u00f6z\u00fclmesi gere\u011fine dikkat \u00e7ekmesi bekleniyor.<\/p>\n<p>R.H.<\/p>\n","protected":false},"excerpt":{"rendered":"<p>MOSKOVA \u2013 Vatikan Papas\u0131 Franciscus d\u00fcnyada hi\u00e7bir b\u00fcy\u00fck sorunun Rusya&#8217;dan uzak bir \u015fekilde \u00e7\u00f6z\u00fclmesinin m\u00fcmk\u00fcn olmad\u0131\u011f\u0131n\u0131 belirtti. Onuncu hac turu kapsam\u0131nda d\u00fcn K\u00fcba kentleri \u00fczerinde dola\u015ft\u0131\u011f\u0131 u\u00e7a\u011f\u0131ndan yapt\u0131\u011f\u0131 ve RT web sitesinin aktard\u0131\u011f\u0131 a\u00e7\u0131klamalar\u0131nda Papa Franciscus; Vatikan ile Rusya&#8217;n\u0131n Vatikan\u2019daki b\u00fcy\u00fckel\u00e7ili\u011fi aras\u0131ndaki i\u015fbirli\u011fi d\u00fczeyinden memnuniyetini ifade etti. Papa Farnciscus\u2019un New York\u2019ta d\u00fczenlenecek BM genel kurulu &hellip;<\/p>\n","protected":false},"author":1,"featured_media":47467,"comment_status":"closed","ping_status":"closed","sticky":false,"template":"","format":"standard","meta":{"footnotes":""},"categories":[458,459,447],"tags":[16844],"class_list":["post-47466","post","type-post","status-publish","format-standard","has-post-thumbnail","","category-dunya1","category-haberler-arap-uluslararasi-politika","category-politika","tag-rusya-olmadan-hicbir-sorunu-cozmek-mumkun-degildir-moskova-vatikan-papasi-franciscus-dunyada-hicbir-buyuk-sorunun-rusyadan-uzak-bir-sekilde-cozulmesinin-mumkun-olmadigini-belirtti"],"_links":{"self":[{"href":"https:\/\/archive.sana.sy\/tr\/index.php?rest_route=\/wp\/v2\/posts\/47466","targetHints":{"allow":["GET"]}}],"collection":[{"href":"https:\/\/archive.sana.sy\/tr\/index.php?rest_route=\/wp\/v2\/posts"}],"about":[{"href":"https:\/\/archive.sana.sy\/tr\/index.php?rest_route=\/wp\/v2\/types\/post"}],"author":[{"embeddable":true,"href":"https:\/\/archive.sana.sy\/tr\/index.php?rest_route=\/wp\/v2\/users\/1"}],"replies":[{"embeddable":true,"href":"https:\/\/archive.sana.sy\/tr\/index.php?rest_route=%2Fwp%2Fv2%2Fcomments&post=47466"}],"version-history":[{"count":0,"href":"https:\/\/archive.sana.sy\/tr\/index.php?rest_route=\/wp\/v2\/posts\/47466\/revisions"}],"wp:featuredmedia":[{"embeddable":true,"href":"https:\/\/archive.sana.sy\/tr\/index.php?rest_route=\/wp\/v2\/media\/47467"}],"wp:attachment":[{"href":"https:\/\/archive.sana.sy\/tr\/index.php?rest_route=%2Fwp%2Fv2%2Fmedia&parent=47466"}],"wp:term":[{"taxonomy":"category","embeddable":true,"href":"https:\/\/archive.sana.sy\/tr\/index.php?rest_route=%2Fwp%2Fv2%2Fcategories&post=47466"},{"taxonomy":"post_tag","embeddable":true,"href":"https:\/\/archive.sana.sy\/tr\/index.php?rest_route=%2Fwp%2Fv2%2Ftags&post=47466"}],"curies":[{"name":"wp","href":"https:\/\/api.w.org\/{rel}","templated":true}]}}