{"id":47520,"date":"2015-09-22T14:21:21","date_gmt":"2015-09-22T11:21:21","guid":{"rendered":"http:\/\/www.sana.sy\/tr\/?p=47520"},"modified":"2015-09-22T14:21:21","modified_gmt":"2015-09-22T11:21:21","slug":"sananin-homs-muhabiri-gelen-on-bilgilere-gore-zehra-kentinde-bombali-bir-teror-eyleminin-meydana-geldigini-aktardi","status":"publish","type":"post","link":"https:\/\/archive.sana.sy\/tr\/?p=47520","title":{"rendered":"SANA\u2019n\u0131n Homs muhabiri gelen \u00f6n bilgilere g\u00f6re Zehra Kentinde bombal\u0131 bir ter\u00f6r eyleminin meydana geldi\u011fini aktard\u0131"},"content":{"rendered":"<p>SANA\u2019n\u0131n Homs muhabiri gelen \u00f6n bilgilere g\u00f6re Zehra Kentinde bombal\u0131 bir ter\u00f6r eyleminin meydana geldi\u011fini aktard\u0131<\/p>\n","protected":false},"excerpt":{"rendered":"<p>SANA\u2019n\u0131n Homs muhabiri gelen \u00f6n bilgilere g\u00f6re Zehra Kentinde bombal\u0131 bir ter\u00f6r eyleminin meydana geldi\u011fini aktard\u0131<\/p>\n","protected":false},"author":1,"featured_media":0,"comment_status":"closed","ping_status":"closed","sticky":false,"template":"","format":"standard","meta":{"footnotes":""},"categories":[1],"tags":[],"class_list":["post-47520","post","type-post","status-publish","format-standard","","category-news-not-sorted"],"_links":{"self":[{"href":"https:\/\/archive.sana.sy\/tr\/index.php?rest_route=\/wp\/v2\/posts\/47520","targetHints":{"allow":["GET"]}}],"collection":[{"href":"https:\/\/archive.sana.sy\/tr\/index.php?rest_route=\/wp\/v2\/posts"}],"about":[{"href":"https:\/\/archive.sana.sy\/tr\/index.php?rest_route=\/wp\/v2\/types\/post"}],"author":[{"embeddable":true,"href":"https:\/\/archive.sana.sy\/tr\/index.php?rest_route=\/wp\/v2\/users\/1"}],"replies":[{"embeddable":true,"href":"https:\/\/archive.sana.sy\/tr\/index.php?rest_route=%2Fwp%2Fv2%2Fcomments&post=47520"}],"version-history":[{"count":0,"href":"https:\/\/archive.sana.sy\/tr\/index.php?rest_route=\/wp\/v2\/posts\/47520\/revisions"}],"wp:attachment":[{"href":"https:\/\/archive.sana.sy\/tr\/index.php?rest_route=%2Fwp%2Fv2%2Fmedia&parent=47520"}],"wp:term":[{"taxonomy":"category","embeddable":true,"href":"https:\/\/archive.sana.sy\/tr\/index.php?rest_route=%2Fwp%2Fv2%2Fcategories&post=47520"},{"taxonomy":"post_tag","embeddable":true,"href":"https:\/\/archive.sana.sy\/tr\/index.php?rest_route=%2Fwp%2Fv2%2Ftags&post=47520"}],"curies":[{"name":"wp","href":"https:\/\/api.w.org\/{rel}","templated":true}]}}