{"id":47522,"date":"2015-09-22T14:50:50","date_gmt":"2015-09-22T11:50:50","guid":{"rendered":"http:\/\/www.sana.sy\/tr\/?p=47522"},"modified":"2015-09-22T14:50:50","modified_gmt":"2015-09-22T11:50:50","slug":"lazkiye-kirsalinin-kuzeyinde-turkiyede-resmi-ve-gayri-resmi-taraflarin-destekledikleri-cokuluslu-ve-vatan-haini-teroristlere-karsi-operasyonlarini-surduren-ordu-birliklerimiz-ravda-koyunde-nitelikl","status":"publish","type":"post","link":"https:\/\/archive.sana.sy\/tr\/?p=47522","title":{"rendered":"Lazkiye k\u0131rsal\u0131n\u0131n kuzeyinde T\u00fcrkiye&#8217;de resmi ve gayr\u0131 resmi taraflar\u0131n destekledikleri \u00e7okuluslu ve vatan haini ter\u00f6ristlere kar\u015f\u0131 operasyonlar\u0131n\u0131 s\u00fcrd\u00fcren ordu birliklerimiz; Ravda K\u00f6y\u00fcnde nitelikli bir operasyonla aralar\u0131nda \u00c7e\u00e7enli 15 ter\u00f6ristin bulundu\u011fu 20 ter\u00f6risti \u00f6ld\u00fcrd\u00fc"},"content":{"rendered":"<p>Lazkiye k\u0131rsal\u0131n\u0131n kuzeyinde T\u00fcrkiye&#8217;de resmi ve gayr\u0131 resmi taraflar\u0131n destekledikleri \u00e7okuluslu ve vatan haini ter\u00f6ristlere kar\u015f\u0131 operasyonlar\u0131n\u0131 s\u00fcrd\u00fcren ordu birliklerimiz; Ravda K\u00f6y\u00fcnde nitelikli bir operasyonla aralar\u0131nda \u00c7e\u00e7enli 15 ter\u00f6ristin bulundu\u011fu 20 ter\u00f6risti \u00f6ld\u00fcrd\u00fc<\/p>\n","protected":false},"excerpt":{"rendered":"<p>Lazkiye k\u0131rsal\u0131n\u0131n kuzeyinde T\u00fcrkiye&#8217;de resmi ve gayr\u0131 resmi taraflar\u0131n destekledikleri \u00e7okuluslu ve vatan haini ter\u00f6ristlere kar\u015f\u0131 operasyonlar\u0131n\u0131 s\u00fcrd\u00fcren ordu birliklerimiz; Ravda K\u00f6y\u00fcnde nitelikli bir operasyonla aralar\u0131nda \u00c7e\u00e7enli 15 ter\u00f6ristin bulundu\u011fu 20 ter\u00f6risti \u00f6ld\u00fcrd\u00fc<\/p>\n","protected":false},"author":1,"featured_media":0,"comment_status":"closed","ping_status":"closed","sticky":false,"template":"","format":"standard","meta":{"footnotes":""},"categories":[1],"tags":[],"class_list":["post-47522","post","type-post","status-publish","format-standard","","category-news-not-sorted"],"_links":{"self":[{"href":"https:\/\/archive.sana.sy\/tr\/index.php?rest_route=\/wp\/v2\/posts\/47522","targetHints":{"allow":["GET"]}}],"collection":[{"href":"https:\/\/archive.sana.sy\/tr\/index.php?rest_route=\/wp\/v2\/posts"}],"about":[{"href":"https:\/\/archive.sana.sy\/tr\/index.php?rest_route=\/wp\/v2\/types\/post"}],"author":[{"embeddable":true,"href":"https:\/\/archive.sana.sy\/tr\/index.php?rest_route=\/wp\/v2\/users\/1"}],"replies":[{"embeddable":true,"href":"https:\/\/archive.sana.sy\/tr\/index.php?rest_route=%2Fwp%2Fv2%2Fcomments&post=47522"}],"version-history":[{"count":0,"href":"https:\/\/archive.sana.sy\/tr\/index.php?rest_route=\/wp\/v2\/posts\/47522\/revisions"}],"wp:attachment":[{"href":"https:\/\/archive.sana.sy\/tr\/index.php?rest_route=%2Fwp%2Fv2%2Fmedia&parent=47522"}],"wp:term":[{"taxonomy":"category","embeddable":true,"href":"https:\/\/archive.sana.sy\/tr\/index.php?rest_route=%2Fwp%2Fv2%2Fcategories&post=47522"},{"taxonomy":"post_tag","embeddable":true,"href":"https:\/\/archive.sana.sy\/tr\/index.php?rest_route=%2Fwp%2Fv2%2Ftags&post=47522"}],"curies":[{"name":"wp","href":"https:\/\/api.w.org\/{rel}","templated":true}]}}