{"id":47526,"date":"2015-09-22T11:56:42","date_gmt":"2015-09-22T08:56:42","guid":{"rendered":"http:\/\/www.sana.sy\/tr\/?p=47526"},"modified":"2015-09-22T14:58:20","modified_gmt":"2015-09-22T11:58:20","slug":"eli-kanli-teror-ceteleri-homs-kentinin-zehra-semtinde-bombali-bir-araci-havaya-ucurmalariyla-ilk-verilere-gore-7-kisinin-isabet-aldigi-bildirildi","status":"publish","type":"post","link":"https:\/\/archive.sana.sy\/tr\/?p=47526","title":{"rendered":"Eli kanl\u0131 ter\u00f6r \u00e7eteleri Homs Kentinin Zehra Semtinde bombal\u0131 bir arac\u0131 havaya u\u00e7urmalar\u0131yla ilk verilere g\u00f6re 7 ki\u015finin isabet ald\u0131\u011f\u0131 bildirildi"},"content":{"rendered":"<p>Eli kanl\u0131 ter\u00f6r \u00e7eteleri Homs Kentinin Zehra Semtinde bombal\u0131 bir arac\u0131 havaya u\u00e7urmalar\u0131yla ilk verilere g\u00f6re 7 ki\u015finin isabet ald\u0131\u011f\u0131 bildirildi<\/p>\n","protected":false},"excerpt":{"rendered":"<p>Eli kanl\u0131 ter\u00f6r \u00e7eteleri Homs Kentinin Zehra Semtinde bombal\u0131 bir arac\u0131 havaya u\u00e7urmalar\u0131yla ilk verilere g\u00f6re 7 ki\u015finin isabet ald\u0131\u011f\u0131 bildirildi<\/p>\n","protected":false},"author":1,"featured_media":0,"comment_status":"closed","ping_status":"closed","sticky":false,"template":"","format":"standard","meta":{"footnotes":""},"categories":[1],"tags":[],"class_list":["post-47526","post","type-post","status-publish","format-standard","","category-news-not-sorted"],"_links":{"self":[{"href":"https:\/\/archive.sana.sy\/tr\/index.php?rest_route=\/wp\/v2\/posts\/47526","targetHints":{"allow":["GET"]}}],"collection":[{"href":"https:\/\/archive.sana.sy\/tr\/index.php?rest_route=\/wp\/v2\/posts"}],"about":[{"href":"https:\/\/archive.sana.sy\/tr\/index.php?rest_route=\/wp\/v2\/types\/post"}],"author":[{"embeddable":true,"href":"https:\/\/archive.sana.sy\/tr\/index.php?rest_route=\/wp\/v2\/users\/1"}],"replies":[{"embeddable":true,"href":"https:\/\/archive.sana.sy\/tr\/index.php?rest_route=%2Fwp%2Fv2%2Fcomments&post=47526"}],"version-history":[{"count":0,"href":"https:\/\/archive.sana.sy\/tr\/index.php?rest_route=\/wp\/v2\/posts\/47526\/revisions"}],"wp:attachment":[{"href":"https:\/\/archive.sana.sy\/tr\/index.php?rest_route=%2Fwp%2Fv2%2Fmedia&parent=47526"}],"wp:term":[{"taxonomy":"category","embeddable":true,"href":"https:\/\/archive.sana.sy\/tr\/index.php?rest_route=%2Fwp%2Fv2%2Fcategories&post=47526"},{"taxonomy":"post_tag","embeddable":true,"href":"https:\/\/archive.sana.sy\/tr\/index.php?rest_route=%2Fwp%2Fv2%2Ftags&post=47526"}],"curies":[{"name":"wp","href":"https:\/\/api.w.org\/{rel}","templated":true}]}}