{"id":47533,"date":"2015-09-22T15:36:36","date_gmt":"2015-09-22T12:36:36","guid":{"rendered":"http:\/\/www.sana.sy\/tr\/?p=47533"},"modified":"2015-09-22T15:39:12","modified_gmt":"2015-09-22T12:39:12","slug":"hava-guclerimiz-hama-kirsallarinin-kfarzeyta-ve-letamina-bolgelerine-ek-olarak-idlib-kirsalinin-muarratunnuman-ve-kfarnubbul-bolgelerinde-erdogan-rejiminin-destek-ve-komutasinda-toplama-tekfircilerden","status":"publish","type":"post","link":"https:\/\/archive.sana.sy\/tr\/?p=47533","title":{"rendered":"Hava g\u00fc\u00e7lerimiz Hama k\u0131rsallar\u0131n\u0131n Kfarzeyta ve Letamina b\u00f6lgelerine ek olarak \u0130dlib k\u0131rsal\u0131n\u0131n Muarratunnuman ve Kfarn\u00fcbb\u00fcl b\u00f6lgelerinde Erdo\u011fan rejiminin destek ve komutas\u0131nda toplama tekfircilerden olu\u015fan \u2018Fetih Ordusu\u2019 \u00e7etelerini b\u00fcy\u00fck kay\u0131plara u\u011fratt\u0131"},"content":{"rendered":"<p>Hava g\u00fc\u00e7lerimiz Hama k\u0131rsallar\u0131n\u0131n Kfarzeyta ve Letamina b\u00f6lgelerine ek olarak \u0130dlib k\u0131rsal\u0131n\u0131n Muarratunnuman ve Kfarn\u00fcbb\u00fcl b\u00f6lgelerinde Erdo\u011fan rejiminin destek ve komutas\u0131nda toplama tekfircilerden olu\u015fan \u2018Fetih Ordusu\u2019 \u00e7etelerini b\u00fcy\u00fck kay\u0131plara u\u011fratt\u0131<\/p>\n","protected":false},"excerpt":{"rendered":"<p>Hava g\u00fc\u00e7lerimiz Hama k\u0131rsallar\u0131n\u0131n Kfarzeyta ve Letamina b\u00f6lgelerine ek olarak \u0130dlib k\u0131rsal\u0131n\u0131n Muarratunnuman ve Kfarn\u00fcbb\u00fcl b\u00f6lgelerinde Erdo\u011fan rejiminin destek ve komutas\u0131nda toplama tekfircilerden olu\u015fan \u2018Fetih Ordusu\u2019 \u00e7etelerini b\u00fcy\u00fck kay\u0131plara u\u011fratt\u0131<\/p>\n","protected":false},"author":1,"featured_media":0,"comment_status":"closed","ping_status":"closed","sticky":false,"template":"","format":"standard","meta":{"footnotes":""},"categories":[1],"tags":[],"class_list":["post-47533","post","type-post","status-publish","format-standard","","category-news-not-sorted"],"_links":{"self":[{"href":"https:\/\/archive.sana.sy\/tr\/index.php?rest_route=\/wp\/v2\/posts\/47533","targetHints":{"allow":["GET"]}}],"collection":[{"href":"https:\/\/archive.sana.sy\/tr\/index.php?rest_route=\/wp\/v2\/posts"}],"about":[{"href":"https:\/\/archive.sana.sy\/tr\/index.php?rest_route=\/wp\/v2\/types\/post"}],"author":[{"embeddable":true,"href":"https:\/\/archive.sana.sy\/tr\/index.php?rest_route=\/wp\/v2\/users\/1"}],"replies":[{"embeddable":true,"href":"https:\/\/archive.sana.sy\/tr\/index.php?rest_route=%2Fwp%2Fv2%2Fcomments&post=47533"}],"version-history":[{"count":0,"href":"https:\/\/archive.sana.sy\/tr\/index.php?rest_route=\/wp\/v2\/posts\/47533\/revisions"}],"wp:attachment":[{"href":"https:\/\/archive.sana.sy\/tr\/index.php?rest_route=%2Fwp%2Fv2%2Fmedia&parent=47533"}],"wp:term":[{"taxonomy":"category","embeddable":true,"href":"https:\/\/archive.sana.sy\/tr\/index.php?rest_route=%2Fwp%2Fv2%2Fcategories&post=47533"},{"taxonomy":"post_tag","embeddable":true,"href":"https:\/\/archive.sana.sy\/tr\/index.php?rest_route=%2Fwp%2Fv2%2Ftags&post=47533"}],"curies":[{"name":"wp","href":"https:\/\/api.w.org\/{rel}","templated":true}]}}