{"id":47553,"date":"2015-09-22T16:55:11","date_gmt":"2015-09-22T13:55:11","guid":{"rendered":"http:\/\/www.sana.sy\/tr\/?p=47553"},"modified":"2015-09-22T16:58:55","modified_gmt":"2015-09-22T13:58:55","slug":"suriyedeki-kriz-birkac-ay-icinde-cozulmelidir","status":"publish","type":"post","link":"https:\/\/archive.sana.sy\/tr\/?p=47553","title":{"rendered":"Suriye&#8217;deki Kriz Birka\u00e7 Ay \u0130\u00e7inde \u00c7\u00f6z\u00fclmelidir"},"content":{"rendered":"<p>BEYRUT \u2013 Norve\u00e7 D\u0131\u015fi\u015fleri Bakan\u0131 Borge Brende Suriye&#8217;deki krizin \u00f6n\u00fcm\u00fczdeki birka\u00e7 ay i\u00e7inde derhal \u00e7\u00f6z\u00fclmesi gere\u011fini vurgulad\u0131.<\/p>\n<p>L\u00fcbnan&#8217;a i\u015f gezisinde bulunan Brende Beyrut&#8217;ta L\u00fcbnan D\u0131\u015fi\u015fleri ve Gurbet\u00e7iler Bakan\u0131 C\u00fcbran Basil ile d\u00fczenledi\u011fi ortak bas\u0131n toplant\u0131s\u0131nda; Suriye&#8217;deki krizin derhal \u00e7\u00f6z\u00fclmesinin uluslar aras\u0131 toplumun temel \u00f6nceli\u011fi ve BM genel kurul oturumlar\u0131 g\u00fcndeminin ba\u015f\u0131nda yer almas\u0131 gerekti\u011fini ifade etti.<\/p>\n<p>Tehcir edilen Suriyelilere insani yard\u0131m i\u00e7in takdim edilen finans\u0131n beklenen %40\u2019\u0131n\u0131n alt\u0131nda oldu\u011funu s\u00f6yleyen Brende ; yard\u0131mda bulunan devletlerin uluslar aras\u0131 bir toplant\u0131 d\u00fczenlemelerine \u00e7a\u011fr\u0131 yapt\u0131.<\/p>\n<p>L\u00fcbnan D\u0131\u015fi\u015fleri ve Gurbet\u00e7iler Bakan\u0131 Basil ise Brende ile Ortado\u011fu&#8217;da yay\u0131lan ter\u00f6r tehlikesi ve m\u00fclteci meselelerini ele ald\u0131klar\u0131n\u0131 s\u00f6yledi. Basil \u015fu an mevcut se\u00e7eneklerin Suriye&#8217;yi asil Suriye altyap\u0131s\u0131yla yeniden yap\u0131land\u0131rma ve asil sosyal dokusunu canland\u0131rmak veya b\u00f6lgenin tamam\u0131n\u0131 y\u0131kma oldu\u011funu ifade ederken ikinci se\u00e7ene\u011fin de mutlak bir \u015fekilde Avrupa\u2019n\u0131n istikrar\u0131n\u0131 sabote edece\u011fini s\u00f6yledi.<\/p>\n","protected":false},"excerpt":{"rendered":"<p>BEYRUT \u2013 Norve\u00e7 D\u0131\u015fi\u015fleri Bakan\u0131 Borge Brende Suriye&#8217;deki krizin \u00f6n\u00fcm\u00fczdeki birka\u00e7 ay i\u00e7inde derhal \u00e7\u00f6z\u00fclmesi gere\u011fini vurgulad\u0131. L\u00fcbnan&#8217;a i\u015f gezisinde bulunan Brende Beyrut&#8217;ta L\u00fcbnan D\u0131\u015fi\u015fleri ve Gurbet\u00e7iler Bakan\u0131 C\u00fcbran Basil ile d\u00fczenledi\u011fi ortak bas\u0131n toplant\u0131s\u0131nda; Suriye&#8217;deki krizin derhal \u00e7\u00f6z\u00fclmesinin uluslar aras\u0131 toplumun temel \u00f6nceli\u011fi ve BM genel kurul oturumlar\u0131 g\u00fcndeminin ba\u015f\u0131nda yer almas\u0131 gerekti\u011fini ifade &hellip;<\/p>\n","protected":false},"author":1,"featured_media":47554,"comment_status":"closed","ping_status":"closed","sticky":false,"template":"","format":"standard","meta":{"footnotes":""},"categories":[458,459,447],"tags":[16855,16854,16853],"class_list":["post-47553","post","type-post","status-publish","format-standard","has-post-thumbnail","","category-dunya1","category-haberler-arap-uluslararasi-politika","category-politika","tag-lubnan-disisleri-ve-gurbetciler-bakani-cubran-basil","tag-norvec-disisleri-bakani-borjy-brandy","tag-suriyedeki-kriz-birkac-ay-icinde-cozulmelidir"],"_links":{"self":[{"href":"https:\/\/archive.sana.sy\/tr\/index.php?rest_route=\/wp\/v2\/posts\/47553","targetHints":{"allow":["GET"]}}],"collection":[{"href":"https:\/\/archive.sana.sy\/tr\/index.php?rest_route=\/wp\/v2\/posts"}],"about":[{"href":"https:\/\/archive.sana.sy\/tr\/index.php?rest_route=\/wp\/v2\/types\/post"}],"author":[{"embeddable":true,"href":"https:\/\/archive.sana.sy\/tr\/index.php?rest_route=\/wp\/v2\/users\/1"}],"replies":[{"embeddable":true,"href":"https:\/\/archive.sana.sy\/tr\/index.php?rest_route=%2Fwp%2Fv2%2Fcomments&post=47553"}],"version-history":[{"count":0,"href":"https:\/\/archive.sana.sy\/tr\/index.php?rest_route=\/wp\/v2\/posts\/47553\/revisions"}],"wp:featuredmedia":[{"embeddable":true,"href":"https:\/\/archive.sana.sy\/tr\/index.php?rest_route=\/wp\/v2\/media\/47554"}],"wp:attachment":[{"href":"https:\/\/archive.sana.sy\/tr\/index.php?rest_route=%2Fwp%2Fv2%2Fmedia&parent=47553"}],"wp:term":[{"taxonomy":"category","embeddable":true,"href":"https:\/\/archive.sana.sy\/tr\/index.php?rest_route=%2Fwp%2Fv2%2Fcategories&post=47553"},{"taxonomy":"post_tag","embeddable":true,"href":"https:\/\/archive.sana.sy\/tr\/index.php?rest_route=%2Fwp%2Fv2%2Ftags&post=47553"}],"curies":[{"name":"wp","href":"https:\/\/api.w.org\/{rel}","templated":true}]}}