{"id":47556,"date":"2015-09-22T17:01:49","date_gmt":"2015-09-22T14:01:49","guid":{"rendered":"http:\/\/www.sana.sy\/tr\/?p=47556"},"modified":"2015-09-22T17:01:49","modified_gmt":"2015-09-22T14:01:49","slug":"rusya-disisleri-bakani-yardimcisi-gennady-gatilov-abdnin-suriyeye-iliskin-tutumunda-bir-kisim-taktiksel-degisimlerin-oldugunu-amerikalilarin-suriyedeki-durumlara-daha","status":"publish","type":"post","link":"https:\/\/archive.sana.sy\/tr\/?p=47556","title":{"rendered":"Rusya D\u0131\u015fi\u015fleri Bakan\u0131 Yard\u0131mc\u0131s\u0131 Gennady Gatilov; ABD\u2019nin Suriye&#8217;ye ili\u015fkin tutumunda bir k\u0131s\u0131m \u2018taktiksel de\u011fi\u015fimlerin\u2019 oldu\u011funu, Amerikal\u0131lar\u0131n Suriye&#8217;deki durumlara daha ger\u00e7ek\u00e7i bakmaya ba\u015flad\u0131klar\u0131n\u0131 belirtti."},"content":{"rendered":"<p>Rusya D\u0131\u015fi\u015fleri Bakan\u0131 Yard\u0131mc\u0131s\u0131 Gennady Gatilov; ABD\u2019nin Suriye&#8217;ye ili\u015fkin tutumunda bir k\u0131s\u0131m \u2018taktiksel de\u011fi\u015fimlerin\u2019 oldu\u011funu, Amerikal\u0131lar\u0131n Suriye&#8217;deki durumlara daha ger\u00e7ek\u00e7i bakmaya ba\u015flad\u0131klar\u0131n\u0131 belirtti.<\/p>\n","protected":false},"excerpt":{"rendered":"<p>Rusya D\u0131\u015fi\u015fleri Bakan\u0131 Yard\u0131mc\u0131s\u0131 Gennady Gatilov; ABD\u2019nin Suriye&#8217;ye ili\u015fkin tutumunda bir k\u0131s\u0131m \u2018taktiksel de\u011fi\u015fimlerin\u2019 oldu\u011funu, Amerikal\u0131lar\u0131n Suriye&#8217;deki durumlara daha ger\u00e7ek\u00e7i bakmaya ba\u015flad\u0131klar\u0131n\u0131 belirtti.<\/p>\n","protected":false},"author":1,"featured_media":0,"comment_status":"closed","ping_status":"closed","sticky":false,"template":"","format":"standard","meta":{"footnotes":""},"categories":[1],"tags":[],"class_list":["post-47556","post","type-post","status-publish","format-standard","","category-news-not-sorted"],"_links":{"self":[{"href":"https:\/\/archive.sana.sy\/tr\/index.php?rest_route=\/wp\/v2\/posts\/47556","targetHints":{"allow":["GET"]}}],"collection":[{"href":"https:\/\/archive.sana.sy\/tr\/index.php?rest_route=\/wp\/v2\/posts"}],"about":[{"href":"https:\/\/archive.sana.sy\/tr\/index.php?rest_route=\/wp\/v2\/types\/post"}],"author":[{"embeddable":true,"href":"https:\/\/archive.sana.sy\/tr\/index.php?rest_route=\/wp\/v2\/users\/1"}],"replies":[{"embeddable":true,"href":"https:\/\/archive.sana.sy\/tr\/index.php?rest_route=%2Fwp%2Fv2%2Fcomments&post=47556"}],"version-history":[{"count":0,"href":"https:\/\/archive.sana.sy\/tr\/index.php?rest_route=\/wp\/v2\/posts\/47556\/revisions"}],"wp:attachment":[{"href":"https:\/\/archive.sana.sy\/tr\/index.php?rest_route=%2Fwp%2Fv2%2Fmedia&parent=47556"}],"wp:term":[{"taxonomy":"category","embeddable":true,"href":"https:\/\/archive.sana.sy\/tr\/index.php?rest_route=%2Fwp%2Fv2%2Fcategories&post=47556"},{"taxonomy":"post_tag","embeddable":true,"href":"https:\/\/archive.sana.sy\/tr\/index.php?rest_route=%2Fwp%2Fv2%2Ftags&post=47556"}],"curies":[{"name":"wp","href":"https:\/\/api.w.org\/{rel}","templated":true}]}}