{"id":47559,"date":"2015-09-22T17:05:27","date_gmt":"2015-09-22T14:05:27","guid":{"rendered":"http:\/\/www.sana.sy\/tr\/?p=47559"},"modified":"2015-09-22T17:05:27","modified_gmt":"2015-09-22T14:05:27","slug":"sam-ve-kirsalinda-33-kisi-silahlariyla-teslim-oldu","status":"publish","type":"post","link":"https:\/\/archive.sana.sy\/tr\/?p=47559","title":{"rendered":"\u015eam ve K\u0131rsal\u0131nda 33 Ki\u015fi Silahlar\u0131yla Teslim Oldu"},"content":{"rendered":"<p>\u015eAM ve KIRSALI \u2013 \u015eam Emniyet M\u00fcd\u00fcrl\u00fc\u011f\u00fcnde bir kaynak bug\u00fcn \u015eam ve k\u0131rsal\u0131n\u0131n muhtelif b\u00f6lgelerinden kanun ka\u00e7a\u011f\u0131 33 ki\u015finin silahlar\u0131yla birlikte g\u00fcvenlik birimlerine teslim olduklar\u0131n\u0131 belirtti.<\/p>\n","protected":false},"excerpt":{"rendered":"<p>\u015eAM ve KIRSALI \u2013 \u015eam Emniyet M\u00fcd\u00fcrl\u00fc\u011f\u00fcnde bir kaynak bug\u00fcn \u015eam ve k\u0131rsal\u0131n\u0131n muhtelif b\u00f6lgelerinden kanun ka\u00e7a\u011f\u0131 33 ki\u015finin silahlar\u0131yla birlikte g\u00fcvenlik birimlerine teslim olduklar\u0131n\u0131 belirtti.<\/p>\n","protected":false},"author":1,"featured_media":44378,"comment_status":"closed","ping_status":"closed","sticky":false,"template":"","format":"standard","meta":{"footnotes":""},"categories":[479,575,478],"tags":[16856],"class_list":["post-47559","post","type-post","status-publish","format-standard","has-post-thumbnail","","category-haberler-yerel","category-olaylar-ve-gercekler","category-yerel","tag-sam-ve-kirsalinda-33-kisi-silahlariyla-teslim-oldu"],"_links":{"self":[{"href":"https:\/\/archive.sana.sy\/tr\/index.php?rest_route=\/wp\/v2\/posts\/47559","targetHints":{"allow":["GET"]}}],"collection":[{"href":"https:\/\/archive.sana.sy\/tr\/index.php?rest_route=\/wp\/v2\/posts"}],"about":[{"href":"https:\/\/archive.sana.sy\/tr\/index.php?rest_route=\/wp\/v2\/types\/post"}],"author":[{"embeddable":true,"href":"https:\/\/archive.sana.sy\/tr\/index.php?rest_route=\/wp\/v2\/users\/1"}],"replies":[{"embeddable":true,"href":"https:\/\/archive.sana.sy\/tr\/index.php?rest_route=%2Fwp%2Fv2%2Fcomments&post=47559"}],"version-history":[{"count":0,"href":"https:\/\/archive.sana.sy\/tr\/index.php?rest_route=\/wp\/v2\/posts\/47559\/revisions"}],"wp:featuredmedia":[{"embeddable":true,"href":"https:\/\/archive.sana.sy\/tr\/index.php?rest_route=\/wp\/v2\/media\/44378"}],"wp:attachment":[{"href":"https:\/\/archive.sana.sy\/tr\/index.php?rest_route=%2Fwp%2Fv2%2Fmedia&parent=47559"}],"wp:term":[{"taxonomy":"category","embeddable":true,"href":"https:\/\/archive.sana.sy\/tr\/index.php?rest_route=%2Fwp%2Fv2%2Fcategories&post=47559"},{"taxonomy":"post_tag","embeddable":true,"href":"https:\/\/archive.sana.sy\/tr\/index.php?rest_route=%2Fwp%2Fv2%2Ftags&post=47559"}],"curies":[{"name":"wp","href":"https:\/\/api.w.org\/{rel}","templated":true}]}}