{"id":47580,"date":"2015-09-23T10:10:54","date_gmt":"2015-09-23T07:10:54","guid":{"rendered":"http:\/\/sana.sy\/tr\/?p=47580"},"modified":"2015-09-23T10:10:54","modified_gmt":"2015-09-23T07:10:54","slug":"bakanlar-kurulu-mubarek-kurban-bayrami-tatili-ile-ilgili-son-hazirliklari-degerlendirdi","status":"publish","type":"post","link":"https:\/\/archive.sana.sy\/tr\/?p=47580","title":{"rendered":"Bakanlar Kurulu M\u00fcbarek Kurban Bayram\u0131 Tatili \u0130le \u0130lgili Son Haz\u0131rl\u0131klar\u0131 De\u011ferlendirdi"},"content":{"rendered":"<p>\u015eAM \u2013 Bakanlar Kurulu d\u00fcn Ba\u015fbakan Vail el Halaki ba\u015fkanl\u0131\u011f\u0131nda d\u00fczenledi\u011fi haftal\u0131k ola\u011fan toplant\u0131s\u0131nda M\u00fcbarek Kurban Bayram\u0131 tatili ile ilgili son haz\u0131rl\u0131klar\u0131 de\u011ferlendirerek tatil s\u00fcresince pazarlardaki fiyatlar\u0131n denetlenmesi, hastane ve sa\u011fl\u0131k merkezlerinin s\u00fcrekli hizmete haz\u0131r vaziyette tutulmas\u0131 gereklili\u011fi vurguland\u0131.<\/p>\n<p>H\u00fck\u00fcmet, Cumhurba\u015fkan\u0131 Be\u015f\u015far el Esad ve Kahraman Ordu Birliklerimiz ad\u0131na b\u00fct\u00fcn vatanda\u015flar\u0131n Kurban Bayram\u0131n\u0131 kutlayan Halaki; en yak\u0131n zamanda \u00fclkenin b\u00fct\u00fcn b\u00f6lgelerinde g\u00fcvenlik ve istikrar\u0131n tam bir \u015fekilde sa\u011flanmas\u0131n\u0131 diledi.<br \/>\nHalaki; Elektrik bakanl\u0131\u011f\u0131na bayram s\u00fcresince tasarruf kesintilerinin s\u00fcresini azalt\u0131lmas\u0131 talimat\u0131 verdi.<\/p>\n<p>Toplant\u0131da, D\u0131\u015fi\u015fleri ve Gurbet\u00e7iler Bakan\u0131 Velid el Muallim\u2019in uluslararas\u0131 alanda Suriye&#8217;nin ter\u00f6re kar\u015f\u0131 verdi\u011fi sava\u015f ile ilgili bir anlat\u0131m sunarak Rusya, \u0130ran ve BRICS Devletleri gibi dost devletlerin kararl\u0131 duru\u015flar\u0131n\u0131n da etkisiyle Suriye&#8217;de ya\u015fanmakta olan krizin Suriyelilerin iradesi ve tercihleri do\u011frultusunda siyasi y\u00f6ntemlerle \u00e7\u00f6z\u00fclmesi gerekti\u011fi d\u00fc\u015f\u00fcncesinin hakim olmaya ba\u015flad\u0131\u011f\u0131n\u0131 beyan etti.<\/p>\n<p>F.B. &#8211; R.H.<\/p>\n","protected":false},"excerpt":{"rendered":"<p>\u015eAM \u2013 Bakanlar Kurulu d\u00fcn Ba\u015fbakan Vail el Halaki ba\u015fkanl\u0131\u011f\u0131nda d\u00fczenledi\u011fi haftal\u0131k ola\u011fan toplant\u0131s\u0131nda M\u00fcbarek Kurban Bayram\u0131 tatili ile ilgili son haz\u0131rl\u0131klar\u0131 de\u011ferlendirerek tatil s\u00fcresince pazarlardaki fiyatlar\u0131n denetlenmesi, hastane ve sa\u011fl\u0131k merkezlerinin s\u00fcrekli hizmete haz\u0131r vaziyette tutulmas\u0131 gereklili\u011fi vurguland\u0131. H\u00fck\u00fcmet, Cumhurba\u015fkan\u0131 Be\u015f\u015far el Esad ve Kahraman Ordu Birliklerimiz ad\u0131na b\u00fct\u00fcn vatanda\u015flar\u0131n Kurban Bayram\u0131n\u0131 kutlayan Halaki; &hellip;<\/p>\n","protected":false},"author":1,"featured_media":47581,"comment_status":"closed","ping_status":"closed","sticky":false,"template":"","format":"standard","meta":{"footnotes":""},"categories":[479,478],"tags":[],"class_list":["post-47580","post","type-post","status-publish","format-standard","has-post-thumbnail","","category-haberler-yerel","category-yerel"],"_links":{"self":[{"href":"https:\/\/archive.sana.sy\/tr\/index.php?rest_route=\/wp\/v2\/posts\/47580","targetHints":{"allow":["GET"]}}],"collection":[{"href":"https:\/\/archive.sana.sy\/tr\/index.php?rest_route=\/wp\/v2\/posts"}],"about":[{"href":"https:\/\/archive.sana.sy\/tr\/index.php?rest_route=\/wp\/v2\/types\/post"}],"author":[{"embeddable":true,"href":"https:\/\/archive.sana.sy\/tr\/index.php?rest_route=\/wp\/v2\/users\/1"}],"replies":[{"embeddable":true,"href":"https:\/\/archive.sana.sy\/tr\/index.php?rest_route=%2Fwp%2Fv2%2Fcomments&post=47580"}],"version-history":[{"count":0,"href":"https:\/\/archive.sana.sy\/tr\/index.php?rest_route=\/wp\/v2\/posts\/47580\/revisions"}],"wp:featuredmedia":[{"embeddable":true,"href":"https:\/\/archive.sana.sy\/tr\/index.php?rest_route=\/wp\/v2\/media\/47581"}],"wp:attachment":[{"href":"https:\/\/archive.sana.sy\/tr\/index.php?rest_route=%2Fwp%2Fv2%2Fmedia&parent=47580"}],"wp:term":[{"taxonomy":"category","embeddable":true,"href":"https:\/\/archive.sana.sy\/tr\/index.php?rest_route=%2Fwp%2Fv2%2Fcategories&post=47580"},{"taxonomy":"post_tag","embeddable":true,"href":"https:\/\/archive.sana.sy\/tr\/index.php?rest_route=%2Fwp%2Fv2%2Ftags&post=47580"}],"curies":[{"name":"wp","href":"https:\/\/api.w.org\/{rel}","templated":true}]}}