{"id":47583,"date":"2015-09-23T11:39:25","date_gmt":"2015-09-23T08:39:25","guid":{"rendered":"http:\/\/sana.sy\/tr\/?p=47583"},"modified":"2015-09-23T11:39:25","modified_gmt":"2015-09-23T08:39:25","slug":"ban-rusya-buyukelciligine-saldiriyi-kinadi","status":"publish","type":"post","link":"https:\/\/archive.sana.sy\/tr\/?p=47583","title":{"rendered":"Ban Rusya B\u00fcy\u00fckel\u00e7ili\u011fine Sald\u0131r\u0131y\u0131 K\u0131nad\u0131"},"content":{"rendered":"<p>NEW YORK \u2013 Birle\u015fmi\u015f Milletler Genel Sekreteri Ban Ki-moon; ter\u00f6ristler taraf\u0131ndan ge\u00e7en Pazar g\u00fcn\u00fc Rusya\u2019n\u0131n \u015eam B\u00fcy\u00fckel\u00e7ili\u011fine yap\u0131lan havan sald\u0131r\u0131lar\u0131n\u0131 k\u0131nad\u0131\u011f\u0131n\u0131 belirtirken; diplomatik temsilcilere sald\u0131r\u0131lar\u0131n uluslararas\u0131 kanunlarda yasaklanm\u0131\u015f oldu\u011funa dikkat \u00e7ekti.<\/p>\n<p>Ban\u2019\u0131n resmi s\u00f6zc\u00fcs\u00fc yapt\u0131\u011f\u0131 ve Rus Tass Haber Ajans\u0131n\u0131n aktard\u0131\u011f\u0131 a\u00e7\u0131klamalar\u0131nda; BM genel sekreterinin, her t\u00fcrl\u00fc anla\u015fmazl\u0131klarda diplomatik temsilcilerin korunmas\u0131 gere\u011fini belirtti\u011fini aktard\u0131.<\/p>\n<p>Rusya D\u0131\u015fi\u015fleri Bakanl\u0131\u011f\u0131 daha \u00f6nce, \u015eam\u2019daki b\u00fcy\u00fckel\u00e7ili\u011finin ter\u00f6ristler taraf\u0131ndan havan sald\u0131r\u0131s\u0131na maruz kalmas\u0131n\u0131 keskin bir dille k\u0131nam\u0131\u015f, bu sald\u0131r\u0131y\u0131 I\u015e\u0130D ve Nusra Cephesi haricinde ba\u015fka ter\u00f6r \u00f6rg\u00fctleri taraf\u0131ndan yap\u0131ld\u0131\u011f\u0131na dikkat \u00e7ekmi\u015fti. Rus bakanl\u0131k yay\u0131nlad\u0131\u011f\u0131 beyanda t\u00fcm uluslararas\u0131 toplumdan bu sald\u0131r\u0131 kar\u015f\u0131s\u0131nda sadece s\u00f6zlerle kalmayan tutumlar sergilemelerini talep etmi\u015fti.<\/p>\n<p>R.H.<\/p>\n","protected":false},"excerpt":{"rendered":"<p>NEW YORK \u2013 Birle\u015fmi\u015f Milletler Genel Sekreteri Ban Ki-moon; ter\u00f6ristler taraf\u0131ndan ge\u00e7en Pazar g\u00fcn\u00fc Rusya\u2019n\u0131n \u015eam B\u00fcy\u00fckel\u00e7ili\u011fine yap\u0131lan havan sald\u0131r\u0131lar\u0131n\u0131 k\u0131nad\u0131\u011f\u0131n\u0131 belirtirken; diplomatik temsilcilere sald\u0131r\u0131lar\u0131n uluslararas\u0131 kanunlarda yasaklanm\u0131\u015f oldu\u011funa dikkat \u00e7ekti. Ban\u2019\u0131n resmi s\u00f6zc\u00fcs\u00fc yapt\u0131\u011f\u0131 ve Rus Tass Haber Ajans\u0131n\u0131n aktard\u0131\u011f\u0131 a\u00e7\u0131klamalar\u0131nda; BM genel sekreterinin, her t\u00fcrl\u00fc anla\u015fmazl\u0131klarda diplomatik temsilcilerin korunmas\u0131 gere\u011fini belirtti\u011fini aktard\u0131. Rusya &hellip;<\/p>\n","protected":false},"author":1,"featured_media":47586,"comment_status":"closed","ping_status":"closed","sticky":false,"template":"","format":"standard","meta":{"footnotes":""},"categories":[458,459],"tags":[],"class_list":["post-47583","post","type-post","status-publish","format-standard","has-post-thumbnail","","category-dunya1","category-haberler-arap-uluslararasi-politika"],"_links":{"self":[{"href":"https:\/\/archive.sana.sy\/tr\/index.php?rest_route=\/wp\/v2\/posts\/47583","targetHints":{"allow":["GET"]}}],"collection":[{"href":"https:\/\/archive.sana.sy\/tr\/index.php?rest_route=\/wp\/v2\/posts"}],"about":[{"href":"https:\/\/archive.sana.sy\/tr\/index.php?rest_route=\/wp\/v2\/types\/post"}],"author":[{"embeddable":true,"href":"https:\/\/archive.sana.sy\/tr\/index.php?rest_route=\/wp\/v2\/users\/1"}],"replies":[{"embeddable":true,"href":"https:\/\/archive.sana.sy\/tr\/index.php?rest_route=%2Fwp%2Fv2%2Fcomments&post=47583"}],"version-history":[{"count":0,"href":"https:\/\/archive.sana.sy\/tr\/index.php?rest_route=\/wp\/v2\/posts\/47583\/revisions"}],"wp:featuredmedia":[{"embeddable":true,"href":"https:\/\/archive.sana.sy\/tr\/index.php?rest_route=\/wp\/v2\/media\/47586"}],"wp:attachment":[{"href":"https:\/\/archive.sana.sy\/tr\/index.php?rest_route=%2Fwp%2Fv2%2Fmedia&parent=47583"}],"wp:term":[{"taxonomy":"category","embeddable":true,"href":"https:\/\/archive.sana.sy\/tr\/index.php?rest_route=%2Fwp%2Fv2%2Fcategories&post=47583"},{"taxonomy":"post_tag","embeddable":true,"href":"https:\/\/archive.sana.sy\/tr\/index.php?rest_route=%2Fwp%2Fv2%2Ftags&post=47583"}],"curies":[{"name":"wp","href":"https:\/\/api.w.org\/{rel}","templated":true}]}}