{"id":47633,"date":"2015-09-23T18:15:22","date_gmt":"2015-09-23T15:15:22","guid":{"rendered":"http:\/\/www.sana.sy\/tr\/?p=47633"},"modified":"2015-09-24T15:48:20","modified_gmt":"2015-09-24T12:48:20","slug":"onlarca-terorist-agir-silahlarla-donatilmis-araclariyla-etkisizlestirildi","status":"publish","type":"post","link":"https:\/\/archive.sana.sy\/tr\/?p=47633","title":{"rendered":"Onlarca Ter\u00f6rist A\u011f\u0131r Silahlarla Donat\u0131lm\u0131\u015f Ara\u00e7lar\u0131yla Etkisizle\u015ftirildi"},"content":{"rendered":"<p>\u0130LLER \u2013 Ordu birliklerimiz bug\u00fcn ihvanc\u0131 Erdo\u011fan rejimi ve Vahhabi Suudi krall\u0131k rejimi taraf\u0131ndan desteklenen tekfirci ve vatan haini ter\u00f6r \u00e7etelere y\u00f6nelik operasyonlar\u0131n\u0131 s\u00fcrd\u00fcr\u00fcrken; a\u011f\u0131r silahlarla donat\u0131lm\u0131\u015f bir\u00e7ok arac\u0131 onlarca ter\u00f6ristle birlikte etkisiz hale getirdi.<\/p>\n<p><span style=\"color: #0000ff\">HALEP:<\/span><\/p>\n<p>Halep ve k\u0131rsal\u0131nda Erdo\u011fan rejiminin destek ve talimatlar\u0131yla ter\u00f6r eylemlerinde bulunan \u00e7etelere kar\u015f\u0131 operasyonlar\u0131nda ordu birliklerimiz gece saatlerinde d\u00fczenledi\u011fi operasyonlarda geneli I\u015e\u0130D ve Kaide \u00d6rg\u00fct\u00fcn\u00fcn Suriye kolu Nusra Cephesine tabi 50\u2019den fazla ter\u00f6risti a\u011f\u0131r silahlarla donat\u0131lm\u0131\u015f bir\u00e7ok ara\u00e7la birlikte etkisiz hale getirdi.<\/p>\n<p>Saha kaynaklar SANA\u2019ya a\u00e7\u0131klamalar\u0131nda ordu birliklerimizin gece ve sabah erken saatlerde Halep Kentinin Kerm el Cebel, S\u00fcleyman el Halebi, Ra\u015fidin 4, Ramusa, Halidiye, Leyramun, Beni Zeyd, Sahur ve Bostan el Pa\u015fa semtlerine ek olarak k\u0131rsal\u0131n bat\u0131s\u0131 Mansura B\u00f6lgesinde de ter\u00f6ristlerin mevki ve hareketlerinin yo\u011fun ate\u015fe tutuldu\u011funu ifade etti. \u00d6ld\u00fcr\u00fclen ter\u00f6ristlerin aras\u0131nda yabanc\u0131 ve saha komutanlar\u0131n\u0131n da bulundu\u011funa dikkat \u00e7eken kaynaklar; ayr\u0131ca sivil b\u00f6lgeleri hedef almada kulland\u0131klar\u0131 f\u00fcze ve top rampalar\u0131na ek olarak muhtelif t\u00fcrde ve b\u00fcy\u00fck miktarda cephanelerinin de imha edildi\u011fini aktard\u0131.<\/p>\n<p>Halep Kentinin Bostan el Pa\u015fa Semtinde Erdo\u011fan\u2019\u0131n talimatlar\u0131 alt\u0131nda faaliyet g\u00f6steren tekfirci ter\u00f6r \u00e7eteleri iki g\u00fcn \u00f6nce Meydan Semtinde sivillerin evlerini f\u00fczelerle hedef almalar\u0131yla 9 sivil vatanda\u015f \u015fehit, 38 vatanda\u015f da yaral\u0131 d\u00fc\u015fm\u00fc\u015ft\u00fc.<\/p>\n<p>Halep k\u0131rsal\u0131n\u0131n g\u00fcneydo\u011fusu Istab\u0131l, Neam ve Alam tepelerine ilaveten Any Sabil, R\u0131dvaniye, Reyan, Cabbul ve Treydin b\u00f6lgelerinde de ter\u00f6ristlerin toplanma yerleri ve hareketlerinin ate\u015fe tutuldu\u011funu belirten kaynaklar buralarda da Erdo\u011fan \u00e7eteleri ter\u00f6ristlerin say\u0131, cephane ve ara\u00e7lar\u0131yla b\u00fcy\u00fck kay\u0131plara u\u011frat\u0131ld\u0131klar\u0131n\u0131 ifade etti.<\/p>\n<p>Ordu birliklerimiz il k\u0131rsal\u0131n\u0131n do\u011fusunda ise Havac\u0131l\u0131k Akademisi civar\u0131nda I\u015e\u0130D tekfircilerinin hareketlerine y\u00f6nelik operasyonlar\u0131n\u0131 s\u00fcrd\u00fcr\u00fcrlerken, ara\u00e7 ve te\u00e7hizatlar\u0131yla birlikte bir\u00e7ok tekfirciyi etkisizle\u015ftirdi.<\/p>\n<p><span style=\"color: #0000ff\">DEYREZZOR:<\/span><\/p>\n<p>Deyrezzor k\u0131rsal\u0131n\u0131n do\u011fusu Mrat K\u00f6y\u00fcnde I\u015e\u0130D \u00d6rg\u00fct\u00fcn\u00fcn mekilerine gece saatlerinde nitelikli bir operasyon d\u00fczenleyen ordu birliklerimiz; saha kaynaklar\u0131n\u0131n bildirdiklerine g\u00f6re aralar\u0131nda tehlikeli isimlerin bulundu\u011fu 14 ter\u00f6risti \u00f6ld\u00fcr\u00fcrken, bir\u00e7ok ter\u00f6risti de yaralad\u0131.<\/p>\n<p>Bu arada muhtelif medya ara\u00e7lar\u0131 mutab\u0131k haberlerinde I\u015e\u0130D\u2019in \u00f6nemli karargahlar\u0131ndan biri say\u0131lan el Hrayta K\u00f6y\u00fcndeki sahra hastanelerine iki g\u00fcn \u00f6nce I\u015e\u0130D\u2019li 100 ter\u00f6ristin cesedine ek olarak 115 yaral\u0131 tekfircinin ula\u015ft\u0131\u011f\u0131n\u0131 aktard\u0131.<\/p>\n<p>G\u00fcn\u00fcn ilerleyen saatlerinde SANA\u2019ya a\u00e7\u0131klama ayapan askeri kaynak hava g\u00fc\u00e7lerimizin Deyrezzor\u2019da Mureyiye B\u00f6lgesinde I\u015e\u0130D \u00e7etelerine ait bir k\u0131sm\u0131 a\u011f\u0131r silahlarla donat\u0131lm\u0131\u015f \u00e7ok say\u0131da arac\u0131n ta\u015f\u0131d\u0131\u011f\u0131 ter\u00f6rist ve cephaneyle birlikte imha edildiklerini belirtti<\/p>\n<p><span style=\"color: #0000ff\">KUNAYTRA:<\/span><\/p>\n<p>Kunaytra k\u0131rsal\u0131nda \u0130srail destekli tekfirci ter\u00f6ristlere kar\u015f\u0131 operasyonlar\u0131n\u0131 halk savunma g\u00fc\u00e7leriyle i\u015fbirli\u011fi i\u00e7inde s\u00fcrd\u00fcren ordu birliklerimiz; siyonist d\u00fc\u015fmanla ba\u011flant\u0131l\u0131 Kaide \u00d6rg\u00fct\u00fcn\u00fcn Suriye kolu Nusra Cephesinin en \u00f6nemli karargahlar\u0131ndan biri say\u0131lan Cebata el Ha\u015fab K\u00f6y\u00fc ile Hmeydiye aras\u0131nda \u2018Beyt el Makdis \u0130slami Cemaati\u2019 tekfircilerini yo\u011fun top ate\u015fine tuttu.<\/p>\n<p>Saha kaynaklar\u0131 operasyonda tekfirci \u00e7etelere ait ter\u00f6rist ve cephane y\u00fckl\u00fc 4 arac\u0131n yan\u0131 s\u0131ra siper haz\u0131rlamada kulland\u0131klar\u0131 bir dozerin ter\u00f6r ekibiyle birlikte imha edildiklerini aktard\u0131.<\/p>\n<p>Bu arada kendilerine \u2018Horan ve Golan\u2019da Beyt el Makdis \u0130slami Cemaati\u2019 ad\u0131n\u0131 veren tekfirci ter\u00f6r \u00e7eteleri bug\u00fcn Kunaytra k\u0131rsal\u0131nda kendisine tabi 5 ter\u00f6ristin \u00f6ld\u00fc\u011f\u00fcn\u00fc itiraf etti.<\/p>\n<p>\u00d6len ter\u00f6ristlerin kimlik ve foto\u011fraflar\u0131n\u0131 sosyal medya ara\u00e7lar\u0131nda yay\u0131nlayan s\u00f6z konusu cemaat; karanl\u0131k tekfirci ideolojisiyle bilinen M\u00fcsl\u00fcman Karde\u015fler Cemaatinin bir kolu say\u0131l\u0131yor.<\/p>\n<p><span style=\"color: #0000ff\">DERA:<\/span><\/p>\n<p>Dera\u2019da \u0130srail ve \u00dcrd\u00fcn destekli tekfirci \u00f6rg\u00fctlere kar\u015f\u0131 operasyonlar\u0131nda ordu birliklerimiz bug\u00fcn Dera Beled\u2019te \u00e7etelere ait iki z\u0131rhl\u0131 arac\u0131 i\u00e7indeki ter\u00f6ristlerle birlikte imha etti<\/p>\n","protected":false},"excerpt":{"rendered":"<p>\u0130LLER \u2013 Ordu birliklerimiz bug\u00fcn ihvanc\u0131 Erdo\u011fan rejimi ve Vahhabi Suudi krall\u0131k rejimi taraf\u0131ndan desteklenen tekfirci ve vatan haini ter\u00f6r \u00e7etelere y\u00f6nelik operasyonlar\u0131n\u0131 s\u00fcrd\u00fcr\u00fcrken; a\u011f\u0131r silahlarla donat\u0131lm\u0131\u015f bir\u00e7ok arac\u0131 onlarca ter\u00f6ristle birlikte etkisiz hale getirdi. HALEP: Halep ve k\u0131rsal\u0131nda Erdo\u011fan rejiminin destek ve talimatlar\u0131yla ter\u00f6r eylemlerinde bulunan \u00e7etelere kar\u015f\u0131 operasyonlar\u0131nda ordu birliklerimiz gece saatlerinde d\u00fczenledi\u011fi &hellip;<\/p>\n","protected":false},"author":1,"featured_media":47634,"comment_status":"closed","ping_status":"closed","sticky":false,"template":"","format":"standard","meta":{"footnotes":""},"categories":[575],"tags":[15788,16862,2695],"class_list":["post-47633","post","type-post","status-publish","format-standard","has-post-thumbnail","","category-olaylar-ve-gercekler","tag-hava-guclerimiz","tag-onlarca-terorist-agir-silahlarla-donatilmis-araclariyla-etkisizlestirildi","tag-ordu-birliklerimiz"],"_links":{"self":[{"href":"https:\/\/archive.sana.sy\/tr\/index.php?rest_route=\/wp\/v2\/posts\/47633","targetHints":{"allow":["GET"]}}],"collection":[{"href":"https:\/\/archive.sana.sy\/tr\/index.php?rest_route=\/wp\/v2\/posts"}],"about":[{"href":"https:\/\/archive.sana.sy\/tr\/index.php?rest_route=\/wp\/v2\/types\/post"}],"author":[{"embeddable":true,"href":"https:\/\/archive.sana.sy\/tr\/index.php?rest_route=\/wp\/v2\/users\/1"}],"replies":[{"embeddable":true,"href":"https:\/\/archive.sana.sy\/tr\/index.php?rest_route=%2Fwp%2Fv2%2Fcomments&post=47633"}],"version-history":[{"count":0,"href":"https:\/\/archive.sana.sy\/tr\/index.php?rest_route=\/wp\/v2\/posts\/47633\/revisions"}],"wp:featuredmedia":[{"embeddable":true,"href":"https:\/\/archive.sana.sy\/tr\/index.php?rest_route=\/wp\/v2\/media\/47634"}],"wp:attachment":[{"href":"https:\/\/archive.sana.sy\/tr\/index.php?rest_route=%2Fwp%2Fv2%2Fmedia&parent=47633"}],"wp:term":[{"taxonomy":"category","embeddable":true,"href":"https:\/\/archive.sana.sy\/tr\/index.php?rest_route=%2Fwp%2Fv2%2Fcategories&post=47633"},{"taxonomy":"post_tag","embeddable":true,"href":"https:\/\/archive.sana.sy\/tr\/index.php?rest_route=%2Fwp%2Fv2%2Ftags&post=47633"}],"curies":[{"name":"wp","href":"https:\/\/api.w.org\/{rel}","templated":true}]}}