{"id":4766,"date":"2014-07-07T11:25:41","date_gmt":"2014-07-07T08:25:41","guid":{"rendered":"http:\/\/www.sana.sy\/tr\/?p=4766"},"modified":"2014-07-07T11:25:41","modified_gmt":"2014-07-07T08:25:41","slug":"isidin-bolgeyi-gerginlestirme-delili-isgalci-varlik-israilin-rahatligidir","status":"publish","type":"post","link":"https:\/\/archive.sana.sy\/tr\/?p=4766","title":{"rendered":"I\u015e\u0130D\u2019in B\u00f6lgeyi Gerginle\u015ftirme Delili \u0130\u015fgalci Varl\u0131k \u0130srail\u2019in Rahatl\u0131\u011f\u0131d\u0131r"},"content":{"rendered":"<p><span>TAHRAN &#8211;<\/span> \u0130ran \u015eura Meclisi Ba\u015fkan\u0131 Ali Laricani, b\u00f6lgeyi hedef alan plan hedefinin \u00e7at\u0131\u015fmalar\u0131 kanl\u0131 \u00fcsluplarla k\u00f6r\u00fcklemek oldu\u011funu belirterek, bu planla m\u00fccadele etmek, siyasi,ekonomik, k\u00fclt\u00fcrel ve askeri muhtelif vesilelerle ortadan kald\u0131rmaya \u00e7a\u011f\u0131rd\u0131.<\/p>\n<p>Laricani, Irak ve \u015eam Devleti ter\u00f6r \u00f6rg\u00fct\u00fcn\u00fcn yapt\u0131klar\u0131n\u0131n b\u00f6lgeyi gerginle\u015ftirme giri\u015fimi oldu\u011funu bunun delilinin ise halihaz\u0131rda cereyan edenlere y\u00f6nelik \u0130srail rahatl\u0131\u011f\u0131 oldu\u011funa dikkat \u00e7ekti.<\/p>\n<p>Mecliste ulusal g\u00fcvenlik ve d\u0131\u015f politika komitesi s\u00f6zc\u00fcs\u00fc Hasan Nakva Husni, Laricani\u2019nin komitenin toplant\u0131 esnas\u0131nda, uluslararas\u0131 geli\u015fmeler, b\u00f6lgesel olaylar ve Kaideye ba\u011fl\u0131 s\u00f6zde Irak ve \u015eam Devleti ter\u00f6r \u00f6rg\u00fct\u00fcn\u00fcn Irak\u2019ta yapt\u0131klar\u0131n\u0131n sadece Irakla mahsur olmad\u0131\u011f\u0131n\u0131 bilakis b\u00f6lgesel bir dava oldu\u011funu belirtti\u011fini s\u00f6yledi.<\/p>\n<p>Kendi y\u00f6n\u00fcnden Komite ba\u015fkan\u0131 Alaaddin Brojerdi, Irak son geli\u015fmeleri ve Suriye halk\u0131n\u0131n ter\u00f6r yan\u0131 s\u0131ra hegemonyac\u0131 g\u00fc\u00e7 ve baz\u0131 b\u00f6lge \u00fclkelerinin ter\u00f6r gruplar\u0131n\u0131 kurma ve desteklemedeki rol\u00fcne kar\u015f\u0131 sa\u011flad\u0131\u011f\u0131 ba\u015far\u0131lar\u0131n b\u00f6lgede istisnai durumlar ortaya \u00e7\u0131kard\u0131\u011f\u0131n\u0131 ve muhtelif boyutlar\u0131n\u0131n g\u00f6r\u00fc\u015f\u00fclmesini gerektirdi\u011fini vurgulad\u0131.<\/p>\n<p>Daha \u00f6nce de Arap ve Afrika i\u015flerinden sorumlu \u0130ran D\u0131\u015fi\u015fleri Bakan Yard\u0131mc\u0131s\u0131 H\u00fcseyin Emir Abd\u00fcllehyan Suudi Arabistan\u2019\u0131n Suriye veya Irak olsun b\u00f6lgedeki son geli\u015fmelerdeki rol\u00fcn\u00fcn yap\u0131c\u0131 olmamakla nitelendirmi\u015fti. Kendi y\u00f6n\u00fcnden k\u00fclt\u00fcrel i\u015flerden sorumlu \u0130ran silahl\u0131 kuvvetler genel kurmay Ba\u015fkan yard\u0131mc\u0131s\u0131 Tu\u011fgeneral Mesut Cezairi, Suriye, Irak ve b\u00fct\u00fcn b\u00f6lgeye kar\u015f\u0131 ter\u00f6r sava\u015f\u0131n\u0131n temel komuta merkezini y\u00f6netenin Amerika Birle\u015fik Devletleri oldu\u011funu vurgulam\u0131\u015ft\u0131.<\/p>\n","protected":false},"excerpt":{"rendered":"<p>TAHRAN &#8211; \u0130ran \u015eura Meclisi Ba\u015fkan\u0131 Ali Laricani, b\u00f6lgeyi hedef alan plan hedefinin \u00e7at\u0131\u015fmalar\u0131 kanl\u0131 \u00fcsluplarla k\u00f6r\u00fcklemek oldu\u011funu belirterek, bu planla m\u00fccadele etmek, siyasi,ekonomik, k\u00fclt\u00fcrel ve askeri muhtelif vesilelerle ortadan kald\u0131rmaya \u00e7a\u011f\u0131rd\u0131. Laricani, Irak ve \u015eam Devleti ter\u00f6r \u00f6rg\u00fct\u00fcn\u00fcn yapt\u0131klar\u0131n\u0131n b\u00f6lgeyi gerginle\u015ftirme giri\u015fimi oldu\u011funu bunun delilinin ise halihaz\u0131rda cereyan edenlere y\u00f6nelik \u0130srail rahatl\u0131\u011f\u0131 oldu\u011funa dikkat &hellip;<\/p>\n","protected":false},"author":1,"featured_media":4767,"comment_status":"closed","ping_status":"closed","sticky":false,"template":"","format":"standard","meta":{"footnotes":""},"categories":[458,459,447],"tags":[1030],"class_list":["post-4766","post","type-post","status-publish","format-standard","has-post-thumbnail","","category-dunya1","category-haberler-arap-uluslararasi-politika","category-politika","tag-isidin-bolgeyi-gerginlestirme-delili-isgalci-varlik-israilin-rahatligidir"],"_links":{"self":[{"href":"https:\/\/archive.sana.sy\/tr\/index.php?rest_route=\/wp\/v2\/posts\/4766","targetHints":{"allow":["GET"]}}],"collection":[{"href":"https:\/\/archive.sana.sy\/tr\/index.php?rest_route=\/wp\/v2\/posts"}],"about":[{"href":"https:\/\/archive.sana.sy\/tr\/index.php?rest_route=\/wp\/v2\/types\/post"}],"author":[{"embeddable":true,"href":"https:\/\/archive.sana.sy\/tr\/index.php?rest_route=\/wp\/v2\/users\/1"}],"replies":[{"embeddable":true,"href":"https:\/\/archive.sana.sy\/tr\/index.php?rest_route=%2Fwp%2Fv2%2Fcomments&post=4766"}],"version-history":[{"count":0,"href":"https:\/\/archive.sana.sy\/tr\/index.php?rest_route=\/wp\/v2\/posts\/4766\/revisions"}],"wp:featuredmedia":[{"embeddable":true,"href":"https:\/\/archive.sana.sy\/tr\/index.php?rest_route=\/wp\/v2\/media\/4767"}],"wp:attachment":[{"href":"https:\/\/archive.sana.sy\/tr\/index.php?rest_route=%2Fwp%2Fv2%2Fmedia&parent=4766"}],"wp:term":[{"taxonomy":"category","embeddable":true,"href":"https:\/\/archive.sana.sy\/tr\/index.php?rest_route=%2Fwp%2Fv2%2Fcategories&post=4766"},{"taxonomy":"post_tag","embeddable":true,"href":"https:\/\/archive.sana.sy\/tr\/index.php?rest_route=%2Fwp%2Fv2%2Ftags&post=4766"}],"curies":[{"name":"wp","href":"https:\/\/api.w.org\/{rel}","templated":true}]}}