{"id":47660,"date":"2015-09-23T14:42:19","date_gmt":"2015-09-23T11:42:19","guid":{"rendered":"http:\/\/www.sana.sy\/tr\/?p=47660"},"modified":"2015-09-23T16:09:13","modified_gmt":"2015-09-23T13:09:13","slug":"yolcu-minibusune-bomba-koydular","status":"publish","type":"post","link":"https:\/\/archive.sana.sy\/tr\/?p=47660","title":{"rendered":"Yolcu Minib\u00fcs\u00fcne Bomba Koydular"},"content":{"rendered":"<p>HOMS \u2013 Homs \u0130l Eminyet M\u00fcd\u00fcrl\u00fc\u011f\u00fcnde bir kaynak ter\u00f6ristlerin bug\u00fcn Homs Kentinin Hadara Caddesinde bir yolcu minib\u00fcs\u00fcne yerle\u015ftirdikleri bomba d\u00fczene\u011fini havaya u\u00e7urduklar\u0131n\u0131 belirtti.<\/p>\n<p>Kaynak gaddar ter\u00f6r eyleminde minib\u00fcste bulunan 9 yolcunun yaraland\u0131\u011f\u0131n\u0131 aktar\u0131rken, yaral\u0131lardan birinin durumunun a\u011f\u0131r odlu\u011funu belirtti.<\/p>\n<p>D\u0131\u015f g\u00fc\u00e7lerin \u2018\u0131l\u0131ml\u0131 muhalifler\u2019 ad\u0131 alt\u0131nda destekledikleri eli kanl\u0131 ter\u00f6ristler Homs Kentinde neredeyse g\u00fcn\u00fcbirlik olarak bombal\u0131 ter\u00f6r eylemleri d\u00fczenlerken; birka\u00e7 g\u00fcn \u00f6nce Homs Kentinin muhtelif sivil yerle\u015fim semtlerinde bombal\u0131 ara\u00e7larla ter\u00f6r eylemi d\u00fczenleyen 6 ki\u015filik bir \u015febeke \u00e7\u00f6kertilmi\u015fti.<\/p>\n<p>G\u00fcn\u00fcn ilerleyen saatlerinde a\u00e7\u0131klama yapan Emniyet M\u00fcd\u00fcrl\u00fc\u011f\u00fc kayna\u011f\u0131, a\u011f\u0131r yaralanan kad\u0131n\u0131n hastanede t\u00fcm \u00e7abalara ra\u011fmen kurtar\u0131lamay\u0131p \u015fehit d\u00fc\u015ft\u00fc\u011f\u00fcn\u00fc belirtti.<\/p>\n<div id='gallery-1' class='gallery galleryid-47660 gallery-columns-3 gallery-size-thumbnail'><figure class='gallery-item'>\n\t\t\t<div class='gallery-icon landscape'>\n\t\t\t\t<a href='https:\/\/archive.sana.sy\/tr\/wp-content\/uploads\/2015\/09\/330.jpg'><img loading=\"lazy\" decoding=\"async\" width=\"150\" height=\"113\" src=\"https:\/\/archive.sana.sy\/tr\/wp-content\/uploads\/2015\/09\/330-150x113.jpg\" class=\"attachment-thumbnail size-thumbnail\" alt=\"\" srcset=\"https:\/\/archive.sana.sy\/tr\/wp-content\/uploads\/2015\/09\/330-150x113.jpg 150w, https:\/\/archive.sana.sy\/tr\/wp-content\/uploads\/2015\/09\/330-300x225.jpg 300w, https:\/\/archive.sana.sy\/tr\/wp-content\/uploads\/2015\/09\/330-1024x768.jpg 1024w, https:\/\/archive.sana.sy\/tr\/wp-content\/uploads\/2015\/09\/330.jpg 1600w\" sizes=\"auto, (max-width: 150px) 100vw, 150px\" \/><\/a>\n\t\t\t<\/div><\/figure><figure class='gallery-item'>\n\t\t\t<div class='gallery-icon landscape'>\n\t\t\t\t<a href='https:\/\/archive.sana.sy\/tr\/wp-content\/uploads\/2015\/09\/244.jpg'><img loading=\"lazy\" decoding=\"async\" width=\"150\" height=\"113\" src=\"https:\/\/archive.sana.sy\/tr\/wp-content\/uploads\/2015\/09\/244-150x113.jpg\" class=\"attachment-thumbnail size-thumbnail\" alt=\"\" srcset=\"https:\/\/archive.sana.sy\/tr\/wp-content\/uploads\/2015\/09\/244-150x113.jpg 150w, https:\/\/archive.sana.sy\/tr\/wp-content\/uploads\/2015\/09\/244-300x225.jpg 300w, https:\/\/archive.sana.sy\/tr\/wp-content\/uploads\/2015\/09\/244-1024x768.jpg 1024w, https:\/\/archive.sana.sy\/tr\/wp-content\/uploads\/2015\/09\/244.jpg 1600w\" sizes=\"auto, (max-width: 150px) 100vw, 150px\" \/><\/a>\n\t\t\t<\/div><\/figure>\n\t\t<\/div>\n\n","protected":false},"excerpt":{"rendered":"<p>HOMS \u2013 Homs \u0130l Eminyet M\u00fcd\u00fcrl\u00fc\u011f\u00fcnde bir kaynak ter\u00f6ristlerin bug\u00fcn Homs Kentinin Hadara Caddesinde bir yolcu minib\u00fcs\u00fcne yerle\u015ftirdikleri bomba d\u00fczene\u011fini havaya u\u00e7urduklar\u0131n\u0131 belirtti. Kaynak gaddar ter\u00f6r eyleminde minib\u00fcste bulunan 9 yolcunun yaraland\u0131\u011f\u0131n\u0131 aktar\u0131rken, yaral\u0131lardan birinin durumunun a\u011f\u0131r odlu\u011funu belirtti. D\u0131\u015f g\u00fc\u00e7lerin \u2018\u0131l\u0131ml\u0131 muhalifler\u2019 ad\u0131 alt\u0131nda destekledikleri eli kanl\u0131 ter\u00f6ristler Homs Kentinde neredeyse g\u00fcn\u00fcbirlik olarak bombal\u0131 &hellip;<\/p>\n","protected":false},"author":1,"featured_media":47668,"comment_status":"closed","ping_status":"closed","sticky":false,"template":"","format":"standard","meta":{"footnotes":""},"categories":[479,575,478],"tags":[16865,16864],"class_list":["post-47660","post","type-post","status-publish","format-standard","has-post-thumbnail","","category-haberler-yerel","category-olaylar-ve-gercekler","category-yerel","tag-homs-kenti","tag-yolcu-minibusune-bomba-koydular"],"_links":{"self":[{"href":"https:\/\/archive.sana.sy\/tr\/index.php?rest_route=\/wp\/v2\/posts\/47660","targetHints":{"allow":["GET"]}}],"collection":[{"href":"https:\/\/archive.sana.sy\/tr\/index.php?rest_route=\/wp\/v2\/posts"}],"about":[{"href":"https:\/\/archive.sana.sy\/tr\/index.php?rest_route=\/wp\/v2\/types\/post"}],"author":[{"embeddable":true,"href":"https:\/\/archive.sana.sy\/tr\/index.php?rest_route=\/wp\/v2\/users\/1"}],"replies":[{"embeddable":true,"href":"https:\/\/archive.sana.sy\/tr\/index.php?rest_route=%2Fwp%2Fv2%2Fcomments&post=47660"}],"version-history":[{"count":0,"href":"https:\/\/archive.sana.sy\/tr\/index.php?rest_route=\/wp\/v2\/posts\/47660\/revisions"}],"wp:featuredmedia":[{"embeddable":true,"href":"https:\/\/archive.sana.sy\/tr\/index.php?rest_route=\/wp\/v2\/media\/47668"}],"wp:attachment":[{"href":"https:\/\/archive.sana.sy\/tr\/index.php?rest_route=%2Fwp%2Fv2%2Fmedia&parent=47660"}],"wp:term":[{"taxonomy":"category","embeddable":true,"href":"https:\/\/archive.sana.sy\/tr\/index.php?rest_route=%2Fwp%2Fv2%2Fcategories&post=47660"},{"taxonomy":"post_tag","embeddable":true,"href":"https:\/\/archive.sana.sy\/tr\/index.php?rest_route=%2Fwp%2Fv2%2Ftags&post=47660"}],"curies":[{"name":"wp","href":"https:\/\/api.w.org\/{rel}","templated":true}]}}