{"id":47661,"date":"2015-09-23T14:49:25","date_gmt":"2015-09-23T11:49:25","guid":{"rendered":"http:\/\/www.sana.sy\/tr\/?p=47661"},"modified":"2015-09-23T14:49:25","modified_gmt":"2015-09-23T11:49:25","slug":"bu-gibi-meseleleri-hicbir-tarafla-gorusmedik","status":"publish","type":"post","link":"https:\/\/archive.sana.sy\/tr\/?p=47661","title":{"rendered":"Bu Gibi Meseleleri Hi\u00e7bir Tarafla G\u00f6r\u00fc\u015fmedik"},"content":{"rendered":"<p>MOSKOVA \u2013 Rusya Ba\u015fkanl\u0131k Saray\u0131 Kremlin\u2019in resmi s\u00f6zc\u00fcs\u00fc Dmitry Peskov; Rusya&#8217;n\u0131n, \u2018Suriye&#8217;de y\u00f6netimin de\u011fi\u015ftirilmesi ama\u00e7l\u0131 olarak ABD ile gizli g\u00f6r\u00fc\u015fmelerde bulundu\u011funa ili\u015fkin medya haberleri ve raporlar\u0131\u2019 kesin bir dille yalanlad\u0131.<\/p>\n<p>Peskov bug\u00fcn bas\u0131na yapt\u0131\u011f\u0131 a\u00e7\u0131klamada; Suriye&#8217;nin kaderi ve gelece\u011finin sadece ve sadece Suriyeliler taraf\u0131ndan belirlenece\u011fini, Moskova\u2019n\u0131n bu meseleyi kesinlikle ve istisnas\u0131z hi\u00e7bir tarafla ele almad\u0131\u011f\u0131n\u0131 vurgulad\u0131.<\/p>\n<p>Kremlin\u2019in resmi s\u00f6zc\u00fcs\u00fc Peskov iki g\u00fcn \u00f6nce Rusya ve ABD aras\u0131ndaki ili\u015fkileri \u2018gerekenin alt\u0131nda\u2019 olarak nitelendirmi\u015fti.<\/p>\n","protected":false},"excerpt":{"rendered":"<p>MOSKOVA \u2013 Rusya Ba\u015fkanl\u0131k Saray\u0131 Kremlin\u2019in resmi s\u00f6zc\u00fcs\u00fc Dmitry Peskov; Rusya&#8217;n\u0131n, \u2018Suriye&#8217;de y\u00f6netimin de\u011fi\u015ftirilmesi ama\u00e7l\u0131 olarak ABD ile gizli g\u00f6r\u00fc\u015fmelerde bulundu\u011funa ili\u015fkin medya haberleri ve raporlar\u0131\u2019 kesin bir dille yalanlad\u0131. Peskov bug\u00fcn bas\u0131na yapt\u0131\u011f\u0131 a\u00e7\u0131klamada; Suriye&#8217;nin kaderi ve gelece\u011finin sadece ve sadece Suriyeliler taraf\u0131ndan belirlenece\u011fini, Moskova\u2019n\u0131n bu meseleyi kesinlikle ve istisnas\u0131z hi\u00e7bir tarafla ele almad\u0131\u011f\u0131n\u0131 &hellip;<\/p>\n","protected":false},"author":1,"featured_media":46001,"comment_status":"closed","ping_status":"closed","sticky":false,"template":"","format":"standard","meta":{"footnotes":""},"categories":[458,459,447],"tags":[16866],"class_list":["post-47661","post","type-post","status-publish","format-standard","has-post-thumbnail","","category-dunya1","category-haberler-arap-uluslararasi-politika","category-politika","tag-rusya-baskanlik-sarayi-kremlinin-resmi-sozcusu-dmitry-peskov"],"_links":{"self":[{"href":"https:\/\/archive.sana.sy\/tr\/index.php?rest_route=\/wp\/v2\/posts\/47661","targetHints":{"allow":["GET"]}}],"collection":[{"href":"https:\/\/archive.sana.sy\/tr\/index.php?rest_route=\/wp\/v2\/posts"}],"about":[{"href":"https:\/\/archive.sana.sy\/tr\/index.php?rest_route=\/wp\/v2\/types\/post"}],"author":[{"embeddable":true,"href":"https:\/\/archive.sana.sy\/tr\/index.php?rest_route=\/wp\/v2\/users\/1"}],"replies":[{"embeddable":true,"href":"https:\/\/archive.sana.sy\/tr\/index.php?rest_route=%2Fwp%2Fv2%2Fcomments&post=47661"}],"version-history":[{"count":0,"href":"https:\/\/archive.sana.sy\/tr\/index.php?rest_route=\/wp\/v2\/posts\/47661\/revisions"}],"wp:featuredmedia":[{"embeddable":true,"href":"https:\/\/archive.sana.sy\/tr\/index.php?rest_route=\/wp\/v2\/media\/46001"}],"wp:attachment":[{"href":"https:\/\/archive.sana.sy\/tr\/index.php?rest_route=%2Fwp%2Fv2%2Fmedia&parent=47661"}],"wp:term":[{"taxonomy":"category","embeddable":true,"href":"https:\/\/archive.sana.sy\/tr\/index.php?rest_route=%2Fwp%2Fv2%2Fcategories&post=47661"},{"taxonomy":"post_tag","embeddable":true,"href":"https:\/\/archive.sana.sy\/tr\/index.php?rest_route=%2Fwp%2Fv2%2Ftags&post=47661"}],"curies":[{"name":"wp","href":"https:\/\/api.w.org\/{rel}","templated":true}]}}