{"id":4769,"date":"2014-07-08T13:36:53","date_gmt":"2014-07-08T10:36:53","guid":{"rendered":"http:\/\/www.sana.sy\/tr\/?p=4769"},"modified":"2014-07-08T14:07:28","modified_gmt":"2014-07-08T11:07:28","slug":"kahraman-askerilerimizin-darbeleri-altinda-teroristlerin-agir-kayiplari-suruyor","status":"publish","type":"post","link":"https:\/\/archive.sana.sy\/tr\/?p=4769","title":{"rendered":"Kahraman Askerilerimizin Darbeleri Alt\u0131nda Ter\u00f6ristlerin A\u011f\u0131r Kay\u0131plar\u0131 S\u00fcr\u00fcyor"},"content":{"rendered":"<p>\u0130LLER \u2013 Vatan koruyucular\u0131 kahraman askeri birliklerimiz silahl\u0131 ter\u00f6r gruplar\u0131 ve kiral\u0131k elemanlar\u0131na y\u00f6nelik operasyonlardaki b\u00fcy\u00fck ba\u015far\u0131lar\u0131n\u0131 s\u00fcrd\u00fcr\u00fcyor.<\/p>\n<p><span style=\"color: #0000ff\">\u015eam K\u0131rsal\u0131nda \u2018\u0130slami Cephe\u2019 ve \u2018\u0130slam Ordusu\u2019 \u00c7eteleri A\u011f\u0131r Kay\u0131plara U\u011frat\u0131ld\u0131lar<\/span><\/p>\n<p>SANA muhabirine a\u00e7\u0131klama yapan askeri bir kaynak ordu birliklerimizin \u015eam k\u0131rsal\u0131n\u0131n Do\u011fu \u011euta B\u00f6lgesinin derinliklerine d\u00fc\u015fen Meydea Beldesinde \u2018\u0130slami Cephe\u2019 ve \u0130slam Ordusu\u2019 adl\u0131 radikal ter\u00f6r gruplar\u0131n\u0131n karargah ve cephaneliklerini hedef ald\u0131\u011f\u0131n\u0131 belirtti. Kaynak operasyonlarda aralar\u0131nda az\u0131l\u0131 ter\u00f6rist Enes el Neccar\u2019\u0131n bulundu\u011fu 20 ter\u00f6ristin \u00f6l\u00fc, bir\u00e7ok ter\u00f6ristin de yaral\u0131 d\u00fc\u015f\u00fcr\u00fcld\u00fc\u011f\u00fcn\u00fc s\u00f6yledi.<\/p>\n<p>Kaynak ordu birliklerimizin Ne\u015f\u015fabiye tar\u0131m arazilerinde de \u00e7ok say\u0131da ter\u00f6risti silah ve m\u00fchimmatlar\u0131yla birlikte etkisiz olarak ele ge\u00e7irdi\u011fini aktard\u0131.<\/p>\n<p>\u015eam k\u0131rsal\u0131n\u0131n Mleyha Beldesi civar\u0131ndaki tar\u0131m arazilerinin yan\u0131 s\u0131ra Tamiko \u0130la\u00e7 Fabrikas\u0131 civar\u0131 ve Ayn Terma Vadisinde ter\u00f6r \u00e7etelerini kovalama operasyonlar\u0131n\u0131 s\u00fcrd\u00fcren ordu birliklerimiz ter\u00f6r yuvalar\u0131n\u0131 i\u00e7lerindeki ter\u00f6ristler ve cephaneyle birlikte tamamen imha etti.<br \/>\nOrdu birliklerimiz Duma B\u00f6lgesinde ise el Ub ve el Aliye \u00e7iftliklerinde ter\u00f6r gruplar\u0131n\u0131 ara\u00e7 ve a\u011f\u0131r makineli silahlar\u0131yla birlikte etkisiz hale getirdi.<br \/>\nHaresta B\u00f6lgesinde ise ordu birliklerimiz Polis hastanesinin do\u011fusundaki tar\u0131m arazilerinde ter\u00f6ristlerle \u00e7at\u0131\u015fmaya girerek bir\u00e7o\u011funu \u00f6l\u00fc yaral\u0131 d\u00fc\u015f\u00fcr\u00fcrken, Cobar cephesinde ise bir\u00e7ok eksende ter\u00f6ristlerin k\u00fcmelenme yerlerini muhtevalar\u0131yla tahrip etti.<\/p>\n<p>\u015eam k\u0131rsal\u0131n\u0131n g\u00fcneybat\u0131s\u0131na d\u00fc\u015fen Dareyya Kasabas\u0131nda bir\u00e7ok ter\u00f6r yuvas\u0131n\u0131 tahrip eden ordu birliklerimiz, Han el \u015eeyh B\u00f6lgesinde de bir\u00e7ok ter\u00f6risti silahlar\u0131yla birlikte etkisiz hale getirdi.<\/p>\n<p>Ordu birliklerimiz Kalemun B\u00f6lgesinde ter\u00f6ristlere y\u00f6nelik operasyonlar\u0131n\u0131 s\u00fcrd\u00fcrerek, L\u00fcbnan s\u0131n\u0131rlar\u0131 yak\u0131nlar\u0131na d\u00fc\u015fen kara ve Asal el Verd beldelerinde \u00e7ok say\u0131da ter\u00f6risti \u00f6l\u00fc yaral\u0131 d\u00fc\u015f\u00fcrd\u00fc.<\/p>\n<p><span style=\"color: #0000ff\">\u015eam ve Kunaytra K\u0131rsallar\u0131nda \u00c7ok Say\u0131da Ter\u00f6rist \u00d6ld\u00fcr\u00fcld\u00fc<\/span><\/p>\n<p>Askeri kaynak SANA\u2019ya a\u00e7\u0131klamas\u0131nda ordu ve silahl\u0131 kuvvetlerimize tabi bir askeri birli\u011fin Kunaytra k\u0131rsal\u0131 Bureyka\u2019da gen\u00e7lik siteleri yolunda i\u00e7indeki ter\u00f6ristlerle beraber bir ara\u00e7lar\u0131n\u0131n etkisiz hale getirildi\u011fini s\u00f6yledi.<\/p>\n<p>Kaynak, ter\u00f6ristlerin Han el \u015eih \u00c7iftliklerinde bir askeri kontrol noktas\u0131na s\u0131zma giri\u015fimlerini \u00e7\u00f6kerttiklerini belirtti.<br \/>\nKaynak, \u015eam K\u0131rsal\u0131 Han el \u015eih \u00c7iftlikleri, H\u00fcseyniyye ve Mu\u011fr el Mir\u2019de ter\u00f6ristlerin toplanma merkezlerinin hedef al\u0131nmas\u0131 sonucunda \u00e7ok say\u0131da ter\u00f6ristin \u00f6l\u00fc ve yaral\u0131 d\u00fc\u015f\u00fcr\u00fcld\u00fc\u011f\u00fcn\u00fc s\u00f6yledi.<\/p>\n<p><span style=\"color: #0000ff\">Halep\u2019te Ter\u00f6ristlerin S\u0131zma Giri\u015fimleri \u00c7\u00f6kertildi <\/span><\/p>\n<p>Askeri kaynak yapt\u0131\u011f\u0131 a\u00e7\u0131klamada, ordu birliklerinin silahl\u0131 ter\u00f6rist gruplar\u0131n\u0131n eski Halep kentinden Halep kentindeki el M\u00fc\u015frifiyye Camii y\u00f6n\u00fcne do\u011fru s\u0131zma giri\u015fimlerini \u00e7\u00f6kerterek baz\u0131 ter\u00f6ristleri \u00f6l\u00fc ve yaral\u0131 d\u00fc\u015f\u00fcrd\u00fcklerini vurgulad\u0131.<\/p>\n<p>Ter\u00f6rist gruplar\u0131 h\u00fccre ve toplanma merkezlerine y\u00f6nelik operasyonlar\u0131n\u0131 s\u00fcrd\u00fcren kahraman ordu birliklerimiz ter\u00f6ristlerin saflar\u0131nda \u00e7ok say\u0131da ter\u00f6risti \u00f6l\u00fc ve yaral\u0131 d\u00fc\u015f\u00fcrerek su\u00e7 edatlar\u0131n\u0131 da imha etti.<\/p>\n<p>\u015eakif, Tel \u015eair, Babis, \u015eeyh Said, Hureytan, Hanano, Kefar Dael, Mansura, tel Rafet, Daret Ezza, Deyr Cemal, Abtin, Mayer, Haydariyye, Kefar Hamra, Han el Asel, Halek, Fardous, Samiriyye ve Ra\u015fidin b\u00f6lgelerinde \u00e7ok say\u0131da ter\u00f6rist \u00f6l\u00fc ve yaral\u0131 d\u00fc\u015f\u00fcr\u00fcld\u00fc.<\/p>\n<p>Halep k\u0131rsal\u0131 Cubeyliyye, Zirbe, Kefar Naha, Ke\u015fi\u015f, Hureytan, Beyanun ve Mare\u2019de ter\u00f6ristlere ait bir ka\u00e7 ara\u00e7lar\u0131 imha edildi.<\/p>\n<p><span style=\"color: #0000ff\">Dera Beled ve K\u0131rsal\u0131nda \u00c7ok Say\u0131da Ter\u00f6rist Su\u00e7 Edatlar\u0131yla Etkisiz Hale Getirildi<\/span><\/p>\n<p>Ordu ve Silahl\u0131 kuvvetlerimize tabi birliklerimiz Dera ve k\u0131rsal\u0131nda \u00e7ok say\u0131da ter\u00f6risti \u00f6ld\u00fcrerek ara\u00e7lar\u0131 ve m\u00fchimmatlar\u0131n\u0131 da imha etti.<\/p>\n<p>Askeri kaynak a\u00e7\u0131klamas\u0131nda, birliklerimizin Atman \u2013 Tafas yolu, Busra el \u015eam Bat\u0131 Semti, Dera k\u0131rsal\u0131 Zemrin-Semlin Kav\u015fa\u011f\u0131nda ter\u00f6ristlerin toplanma merkezlerinin hedef al\u0131nd\u0131\u011f\u0131n\u0131 \u00e7ok say\u0131da ter\u00f6ristin de \u00f6l\u00fc ve yaral\u0131 d\u00fc\u015f\u00fcr\u00fcld\u00fc\u011f\u00fcn\u00fc s\u00f6yledi.<\/p>\n<p>Kaynak, ter\u00f6ristlerin el Hicce Beldesine girmeye \u00e7al\u0131\u015fmalar\u0131 s\u0131ras\u0131nda i\u00e7indeki ter\u00f6rist ve silah dolu 3 ara\u00e7lar\u0131yla birlikte etkisiz hale getirdi\u011fini belirtti. Yaduda Beldesinde Meddahin yolu \u00fczerinde baz\u0131 ter\u00f6ristleri \u00f6ld\u00fcrd\u00fcklerini ifade etti.<\/p>\n<p>Kaynak, Dera Beled elVahde Okulu \u00e7evresi, el Masri Kav\u015fa\u011f\u0131, eski G\u00fcmr\u00fck ve Becabice semtinde ter\u00f6rist toplanma merkezlerinin hedef al\u0131narak ter\u00f6ristlerin bir ordu birli\u011fimiz taraf\u0131ndan a\u011f\u0131r kay\u0131plara u\u011frat\u0131ld\u0131\u011f\u0131n\u0131 s\u00f6yledi.<\/p>\n<p>Kaynak bir ba\u015fka birli\u011fimizin Dera Beled el Halil Camii g\u00fcneyi, Teknik Enstit\u00fcs\u00fc, Medyac\u0131lar Binas\u0131 ve Bilal el Habe\u015fi Camii \u00e7evresi, Um el Durc Su Deposu ve Vadi el Zeydi\u2019 de \u00e7ok say\u0131da ter\u00f6ristin \u00f6ld\u00fcr\u00fcld\u00fc\u011f\u00fcn\u00fc su\u00e7 edatlar\u0131n\u0131n da etkisiz hale getirildi\u011fini belirtti.<\/p>\n<p>Kaynak Dera Beled\u2019te ise Syriatel binas\u0131n\u0131n g\u00fcneyindeki baz\u0131 binalarda ter\u00f6rist grubuna ait baz\u0131 elemanlar\u0131n \u00f6ld\u00fcr\u00fcld\u00fc\u011f\u00fcn\u00fc vurgulad\u0131.<\/p>\n<p><span style=\"color: #0000ff\">Homs K\u0131rsal\u0131nda Ter\u00f6ristler Ara\u00e7 ve Su\u00e7 Edatlar\u0131yla \u00d6ld\u00fcr\u00fcld\u00fc<\/span><\/p>\n<p>Ordu birliklerinin Homs k\u0131rsal\u0131nda d\u00fczenledi\u011fi bir dizi operasyon sonucunda ter\u00f6ristler a\u011f\u0131r kay\u0131plara u\u011frat\u0131rken su\u00e7 edatlar\u0131n\u0131 da imha etti.<\/p>\n<p>Askeri kaynak yapt\u0131\u011f\u0131 a\u00e7\u0131klamada, Homs k\u0131rsal\u0131 Um \u015eer\u015fuh Beldesinde ter\u00f6ristlerin toplanma merkezlerinin hedef al\u0131nd\u0131\u011f\u0131n\u0131 \u00e7ok say\u0131da ter\u00f6ristin \u00f6l\u00fc ve yaral\u0131 d\u00fc\u015f\u00fcr\u00fcld\u00fc\u011f\u00fcn\u00fc a\u011f\u0131r taramal\u0131 silahla donat\u0131lm\u0131\u015f 2 ara\u00e7 ile Ferhyaniye \u2013 Ganto yolu \u00fczerinde i\u00e7indeki ter\u00f6ristlerle bir ara\u00e7lar\u0131n\u0131 da imha ettiklerini vurgulad\u0131.<\/p>\n<p>Kaynak, bir ba\u015fka birli\u011fimizin Um \u015eer\u015fuh \u2013 Tesnim yolu ve el Vaara K\u00f6y\u00fcnde ter\u00f6ristlere ait 2 koruma merkezinin i\u00e7indeki ter\u00f6ristlerle birlikte etkisiz hale getirildi\u011fini s\u00f6yledi.<\/p>\n<p>Ordu ve silahl\u0131 kuvvetlerimiz Ksayr k\u0131rsal\u0131 Heylan, Davut ve vadi el Kehf\u2019te ter\u00f6rist toplanma merkezlerini hedef almas\u0131 sonucunda baz\u0131 ara\u00e7lar\u0131 ve a\u011f\u0131r taramal\u0131 silahla donan\u0131ml\u0131 bir ara\u00e7lar\u0131n\u0131n i\u00e7indeki ter\u00f6ristlerle birlikte etkisiz hale getirildi\u011fini s\u00f6yledi.<\/p>\n<p>Kaynak, ba\u015fka birliklerimizin el Hule k\u0131rsal\u0131 Semalil ve Homs k\u0131rsal\u0131 Ayn H\u00fcseyin\u2019de ter\u00f6rist grup elemanlar\u0131n\u0131 hedef alarak baz\u0131lar\u0131n\u0131 \u00f6ld\u00fcrd\u00fcklerini ifade etti.<\/p>\n<p><span style=\"color: #0000ff\">\u0130dlib Muhambel Beldesinde Ter\u00f6ristlerin S\u0131zmalar\u0131 \u00d6nlendi<\/span><\/p>\n<p>Askeri Kaynak, Ordu ve silahl\u0131 kuvvetlerimize tabi birlikler ter\u00f6ristlerin \u0130dlib k\u0131rsal\u0131 Muhambel Beldesi \u00e7evresinde bulunan bir askeri kontrol noktas\u0131na y\u00f6nelik s\u0131zma giri\u015fimlerini \u00e7\u00f6kerterek elemanlar\u0131n\u0131 \u00f6l\u00fc ve yaral\u0131 d\u00fc\u015f\u00fcrd\u00fc\u011f\u00fcn\u00fc belirtti.<\/p>\n<p>Ordu birliklerimiz ayn\u0131 zamanda Hac\u0131 Hammud, Bezza, Kefar Necd ve Kefar Roma b\u00f6lgelerine ek olarak Konserve Fabrikas\u0131n\u0131n bat\u0131s\u0131nda ter\u00f6ristlerin k\u00fcmelenme yerlerini hedef alarak \u00e7ok say\u0131da ter\u00f6risti silah ve ara\u00e7lar\u0131yla etkisiz hale getirdi.<\/p>\n<p>&nbsp;<\/p>\n","protected":false},"excerpt":{"rendered":"<p>\u0130LLER \u2013 Vatan koruyucular\u0131 kahraman askeri birliklerimiz silahl\u0131 ter\u00f6r gruplar\u0131 ve kiral\u0131k elemanlar\u0131na y\u00f6nelik operasyonlardaki b\u00fcy\u00fck ba\u015far\u0131lar\u0131n\u0131 s\u00fcrd\u00fcr\u00fcyor. \u015eam K\u0131rsal\u0131nda \u2018\u0130slami Cephe\u2019 ve \u2018\u0130slam Ordusu\u2019 \u00c7eteleri A\u011f\u0131r Kay\u0131plara U\u011frat\u0131ld\u0131lar SANA muhabirine a\u00e7\u0131klama yapan askeri bir kaynak ordu birliklerimizin \u015eam k\u0131rsal\u0131n\u0131n Do\u011fu \u011euta B\u00f6lgesinin derinliklerine d\u00fc\u015fen Meydea Beldesinde \u2018\u0130slami Cephe\u2019 ve \u0130slam Ordusu\u2019 adl\u0131 radikal ter\u00f6r &hellip;<\/p>\n","protected":false},"author":1,"featured_media":4780,"comment_status":"closed","ping_status":"closed","sticky":false,"template":"","format":"standard","meta":{"footnotes":""},"categories":[575],"tags":[1034],"class_list":["post-4769","post","type-post","status-publish","format-standard","has-post-thumbnail","","category-olaylar-ve-gercekler","tag-kahraman-askerilerimizin-darbeleri-altinda-teroristlerin-agir-kayiplari-suruyor"],"_links":{"self":[{"href":"https:\/\/archive.sana.sy\/tr\/index.php?rest_route=\/wp\/v2\/posts\/4769","targetHints":{"allow":["GET"]}}],"collection":[{"href":"https:\/\/archive.sana.sy\/tr\/index.php?rest_route=\/wp\/v2\/posts"}],"about":[{"href":"https:\/\/archive.sana.sy\/tr\/index.php?rest_route=\/wp\/v2\/types\/post"}],"author":[{"embeddable":true,"href":"https:\/\/archive.sana.sy\/tr\/index.php?rest_route=\/wp\/v2\/users\/1"}],"replies":[{"embeddable":true,"href":"https:\/\/archive.sana.sy\/tr\/index.php?rest_route=%2Fwp%2Fv2%2Fcomments&post=4769"}],"version-history":[{"count":0,"href":"https:\/\/archive.sana.sy\/tr\/index.php?rest_route=\/wp\/v2\/posts\/4769\/revisions"}],"wp:featuredmedia":[{"embeddable":true,"href":"https:\/\/archive.sana.sy\/tr\/index.php?rest_route=\/wp\/v2\/media\/4780"}],"wp:attachment":[{"href":"https:\/\/archive.sana.sy\/tr\/index.php?rest_route=%2Fwp%2Fv2%2Fmedia&parent=4769"}],"wp:term":[{"taxonomy":"category","embeddable":true,"href":"https:\/\/archive.sana.sy\/tr\/index.php?rest_route=%2Fwp%2Fv2%2Fcategories&post=4769"},{"taxonomy":"post_tag","embeddable":true,"href":"https:\/\/archive.sana.sy\/tr\/index.php?rest_route=%2Fwp%2Fv2%2Ftags&post=4769"}],"curies":[{"name":"wp","href":"https:\/\/api.w.org\/{rel}","templated":true}]}}