{"id":47693,"date":"2015-09-23T15:54:27","date_gmt":"2015-09-23T12:54:27","guid":{"rendered":"http:\/\/www.sana.sy\/tr\/?p=47693"},"modified":"2015-09-24T15:48:58","modified_gmt":"2015-09-24T12:48:58","slug":"memur-ve-emekli-maaslarina-zam-karari-onaylandi","status":"publish","type":"post","link":"https:\/\/archive.sana.sy\/tr\/?p=47693","title":{"rendered":"Memur ve Emekli Maa\u015flar\u0131na Zam Karar\u0131 Onayland\u0131"},"content":{"rendered":"<p>\u015eAM \u2013 Cumhurba\u015fkan\u0131 Be\u015f\u015far el Esad bug\u00fcn devletin muhtelif kurumlar\u0131, \u015firketleri ve dairelerinde g\u00f6rev yapan memurlar\u0131n maa\u015flar\u0131na 2500 lira art\u0131\u015f \u00f6ng\u00f6ren 2015\/41 say\u0131l\u0131 yasama karar\u0131 onaylad\u0131.<\/p>\n<p>Sivil ve asker personellerin tamam\u0131n\u0131 kapsayan yasama karar\u0131 ayr\u0131ca devletin %75 ve daha \u00fczeri oranla ortak oldu\u011fu \u015firket ve kurum \u00e7al\u0131\u015fanlar\u0131n\u0131 da kaps\u0131yor.<\/p>\n<p>El Esad bug\u00fcn ayn\u0131 zamanda emekli sivil ve askerlerin maa\u015flar\u0131na da 2500 lira zam yap\u0131lmas\u0131n\u0131 \u00f6ng\u00f6ren 2015\/42 say\u0131l\u0131 yasama karar\u0131 onaylad\u0131.<\/p>\n<p>El Esad\u2019\u0131n bug\u00fcn onaylad\u0131\u011f\u0131 2015\/46 say\u0131l\u0131 yasama karar\u0131 ise vergi ve har\u00e7lardan muaf tutulacak maa\u015f ve \u00fccret taban\u0131n\u0131n 10 bin liradan 15 bin liraya \u00e7\u0131kar\u0131lmas\u0131n\u0131 \u00f6ng\u00f6r\u00fcyor.<\/p>\n","protected":false},"excerpt":{"rendered":"<p>\u015eAM \u2013 Cumhurba\u015fkan\u0131 Be\u015f\u015far el Esad bug\u00fcn devletin muhtelif kurumlar\u0131, \u015firketleri ve dairelerinde g\u00f6rev yapan memurlar\u0131n maa\u015flar\u0131na 2500 lira art\u0131\u015f \u00f6ng\u00f6ren 2015\/41 say\u0131l\u0131 yasama karar\u0131 onaylad\u0131. Sivil ve asker personellerin tamam\u0131n\u0131 kapsayan yasama karar\u0131 ayr\u0131ca devletin %75 ve daha \u00fczeri oranla ortak oldu\u011fu \u015firket ve kurum \u00e7al\u0131\u015fanlar\u0131n\u0131 da kaps\u0131yor. El Esad bug\u00fcn ayn\u0131 zamanda emekli &hellip;<\/p>\n","protected":false},"author":1,"featured_media":47696,"comment_status":"closed","ping_status":"closed","sticky":false,"template":"","format":"standard","meta":{"footnotes":""},"categories":[485,486,605,612,599],"tags":[16402,16870,16714],"class_list":["post-47693","post","type-post","status-publish","format-standard","has-post-thumbnail","","category-is-ve-sermaye","category-haberler-is-ve-sermaye","category-sayin-cumhurbaskani","category-yasama-kararnameler","category-yasama-ve-kanunlar","tag-cumhurbaskani-bessar-el-esad","tag-memur-ve-emekli-maaslarina-zam-karari-onaylandi","tag-yasama-karari"],"_links":{"self":[{"href":"https:\/\/archive.sana.sy\/tr\/index.php?rest_route=\/wp\/v2\/posts\/47693","targetHints":{"allow":["GET"]}}],"collection":[{"href":"https:\/\/archive.sana.sy\/tr\/index.php?rest_route=\/wp\/v2\/posts"}],"about":[{"href":"https:\/\/archive.sana.sy\/tr\/index.php?rest_route=\/wp\/v2\/types\/post"}],"author":[{"embeddable":true,"href":"https:\/\/archive.sana.sy\/tr\/index.php?rest_route=\/wp\/v2\/users\/1"}],"replies":[{"embeddable":true,"href":"https:\/\/archive.sana.sy\/tr\/index.php?rest_route=%2Fwp%2Fv2%2Fcomments&post=47693"}],"version-history":[{"count":0,"href":"https:\/\/archive.sana.sy\/tr\/index.php?rest_route=\/wp\/v2\/posts\/47693\/revisions"}],"wp:featuredmedia":[{"embeddable":true,"href":"https:\/\/archive.sana.sy\/tr\/index.php?rest_route=\/wp\/v2\/media\/47696"}],"wp:attachment":[{"href":"https:\/\/archive.sana.sy\/tr\/index.php?rest_route=%2Fwp%2Fv2%2Fmedia&parent=47693"}],"wp:term":[{"taxonomy":"category","embeddable":true,"href":"https:\/\/archive.sana.sy\/tr\/index.php?rest_route=%2Fwp%2Fv2%2Fcategories&post=47693"},{"taxonomy":"post_tag","embeddable":true,"href":"https:\/\/archive.sana.sy\/tr\/index.php?rest_route=%2Fwp%2Fv2%2Ftags&post=47693"}],"curies":[{"name":"wp","href":"https:\/\/api.w.org\/{rel}","templated":true}]}}