{"id":47698,"date":"2015-09-23T16:00:51","date_gmt":"2015-09-23T13:00:51","guid":{"rendered":"http:\/\/www.sana.sy\/tr\/?p=47698"},"modified":"2015-09-23T16:00:51","modified_gmt":"2015-09-23T13:00:51","slug":"derada-israil-ve-urdun-destekli-tekfirci-orgutlere-karsi-operasyonlarinda-ordu-birliklerimiz-bugun-dera-beledte-cetelere-ait-iki-zirhli-araci-icindeki-teroristlerle-birlikte-imha-ett","status":"publish","type":"post","link":"https:\/\/archive.sana.sy\/tr\/?p=47698","title":{"rendered":"Dera\u2019da \u0130srail ve \u00dcrd\u00fcn destekli tekfirci \u00f6rg\u00fctlere kar\u015f\u0131 operasyonlar\u0131nda ordu birliklerimiz bug\u00fcn Dera Beled\u2019te \u00e7etelere ait iki z\u0131rhl\u0131 arac\u0131 i\u00e7indeki ter\u00f6ristlerle birlikte imha etti"},"content":{"rendered":"<p>Dera\u2019da \u0130srail ve \u00dcrd\u00fcn destekli tekfirci \u00f6rg\u00fctlere kar\u015f\u0131 operasyonlar\u0131nda ordu birliklerimiz bug\u00fcn Dera Beled\u2019te \u00e7etelere ait iki z\u0131rhl\u0131 arac\u0131 i\u00e7indeki ter\u00f6ristlerle birlikte imha etti<\/p>\n","protected":false},"excerpt":{"rendered":"<p>Dera\u2019da \u0130srail ve \u00dcrd\u00fcn destekli tekfirci \u00f6rg\u00fctlere kar\u015f\u0131 operasyonlar\u0131nda ordu birliklerimiz bug\u00fcn Dera Beled\u2019te \u00e7etelere ait iki z\u0131rhl\u0131 arac\u0131 i\u00e7indeki ter\u00f6ristlerle birlikte imha etti<\/p>\n","protected":false},"author":1,"featured_media":0,"comment_status":"closed","ping_status":"closed","sticky":false,"template":"","format":"standard","meta":{"footnotes":""},"categories":[1],"tags":[],"class_list":["post-47698","post","type-post","status-publish","format-standard","","category-news-not-sorted"],"_links":{"self":[{"href":"https:\/\/archive.sana.sy\/tr\/index.php?rest_route=\/wp\/v2\/posts\/47698","targetHints":{"allow":["GET"]}}],"collection":[{"href":"https:\/\/archive.sana.sy\/tr\/index.php?rest_route=\/wp\/v2\/posts"}],"about":[{"href":"https:\/\/archive.sana.sy\/tr\/index.php?rest_route=\/wp\/v2\/types\/post"}],"author":[{"embeddable":true,"href":"https:\/\/archive.sana.sy\/tr\/index.php?rest_route=\/wp\/v2\/users\/1"}],"replies":[{"embeddable":true,"href":"https:\/\/archive.sana.sy\/tr\/index.php?rest_route=%2Fwp%2Fv2%2Fcomments&post=47698"}],"version-history":[{"count":0,"href":"https:\/\/archive.sana.sy\/tr\/index.php?rest_route=\/wp\/v2\/posts\/47698\/revisions"}],"wp:attachment":[{"href":"https:\/\/archive.sana.sy\/tr\/index.php?rest_route=%2Fwp%2Fv2%2Fmedia&parent=47698"}],"wp:term":[{"taxonomy":"category","embeddable":true,"href":"https:\/\/archive.sana.sy\/tr\/index.php?rest_route=%2Fwp%2Fv2%2Fcategories&post=47698"},{"taxonomy":"post_tag","embeddable":true,"href":"https:\/\/archive.sana.sy\/tr\/index.php?rest_route=%2Fwp%2Fv2%2Ftags&post=47698"}],"curies":[{"name":"wp","href":"https:\/\/api.w.org\/{rel}","templated":true}]}}