{"id":4770,"date":"2014-07-07T09:00:01","date_gmt":"2014-07-07T06:00:01","guid":{"rendered":"http:\/\/www.sana.sy\/tr\/?p=4770"},"modified":"2014-07-07T13:46:12","modified_gmt":"2014-07-07T10:46:12","slug":"askeri-kaynak-ordu-ve-silahli-kuvvetlerimize-tabi-birlikler-teroristlerin-idlib-kirsali-muhambel-beldesi-cevresinde-bulunan-bir-askeri-kontrol-noktasina-yonelik-sizma-girisiaskeri-kaynak-ordu-ve-sil","status":"publish","type":"post","link":"https:\/\/archive.sana.sy\/tr\/?p=4770","title":{"rendered":"Askeri Kaynak, ordu ve silahl\u0131 kuvvetlerimize tabi birlikler ter\u00f6ristlerin \u0130dlib k\u0131rsal\u0131 Muhambel Beldesi \u00e7evresinde bulunan bir askeri kontrol noktas\u0131na y\u00f6nelik s\u0131zma giri\u015fiAskeri Kaynak, Ordu ve silahl\u0131 kuvvetlerimize tabi birlikler ter\u00f6ristlerin \u0130dlib k\u0131rsal\u0131 Muhambel Beldesi \u00e7evresinde bulunan bir askeri kontrol noktas\u0131na y\u00f6nelik s\u0131zma giri\u015fimlerini \u00e7\u00f6kerterek elemanlar\u0131n\u0131 \u00f6l\u00fc ve yaral\u0131 d\u00fc\u015f\u00fcrd\u00fc\u011f\u00fcn\u00fc belirtti.  mlerini \u00e7\u00f6kerterek elemanlar\u0131n\u0131 \u00f6l\u00fc ve yaral\u0131 d\u00fc\u015f\u00fcrd\u00fc\u011f\u00fcn\u00fc belirtti."},"content":{"rendered":"<p>Askeri Kaynak, ordu ve silahl\u0131 kuvvetlerimize tabi birlikler ter\u00f6ristlerin \u0130dlib k\u0131rsal\u0131 Muhambel Beldesi \u00e7evresinde bulunan bir askeri kontrol noktas\u0131na y\u00f6nelik s\u0131zma giri\u015fimlerini \u00e7\u00f6kerterek elemanlar\u0131n\u0131 \u00f6l\u00fc ve yaral\u0131 d\u00fc\u015f\u00fcrd\u00fc\u011f\u00fcn\u00fc belirtti.<\/p>\n","protected":false},"excerpt":{"rendered":"<p>Askeri Kaynak, ordu ve silahl\u0131 kuvvetlerimize tabi birlikler ter\u00f6ristlerin \u0130dlib k\u0131rsal\u0131 Muhambel Beldesi \u00e7evresinde bulunan bir askeri kontrol noktas\u0131na y\u00f6nelik s\u0131zma giri\u015fimlerini \u00e7\u00f6kerterek elemanlar\u0131n\u0131 \u00f6l\u00fc ve yaral\u0131 d\u00fc\u015f\u00fcrd\u00fc\u011f\u00fcn\u00fc belirtti.<\/p>\n","protected":false},"author":1,"featured_media":0,"comment_status":"closed","ping_status":"closed","sticky":false,"template":"","format":"standard","meta":{"footnotes":""},"categories":[1],"tags":[1031,1032,1033],"class_list":["post-4770","post","type-post","status-publish","format-standard","","category-news-not-sorted","tag-askeri-kaynak","tag-ordu-ve-silahli-kuvvetlerimize-tabi-birlikler-teroristlerin-idlib-kirsali-muhambel-beldesi-cevresinde-bulunan-bir-askeri-kontrol-noktasina-yonelik-sizma-girisiaskeri-kaynak","tag-ordu-ve-silahli-kuvvetlerimize-tabi-birlikler-teroristlerin-idlib-kirsali-muhambel-beldesi-cevresinde-bulunan-bir-askeri-kontrol-noktasina-yonelik-sizma-girisimlerini-cokerterek-elemanlarini-olu-ve-ya"],"_links":{"self":[{"href":"https:\/\/archive.sana.sy\/tr\/index.php?rest_route=\/wp\/v2\/posts\/4770","targetHints":{"allow":["GET"]}}],"collection":[{"href":"https:\/\/archive.sana.sy\/tr\/index.php?rest_route=\/wp\/v2\/posts"}],"about":[{"href":"https:\/\/archive.sana.sy\/tr\/index.php?rest_route=\/wp\/v2\/types\/post"}],"author":[{"embeddable":true,"href":"https:\/\/archive.sana.sy\/tr\/index.php?rest_route=\/wp\/v2\/users\/1"}],"replies":[{"embeddable":true,"href":"https:\/\/archive.sana.sy\/tr\/index.php?rest_route=%2Fwp%2Fv2%2Fcomments&post=4770"}],"version-history":[{"count":0,"href":"https:\/\/archive.sana.sy\/tr\/index.php?rest_route=\/wp\/v2\/posts\/4770\/revisions"}],"wp:attachment":[{"href":"https:\/\/archive.sana.sy\/tr\/index.php?rest_route=%2Fwp%2Fv2%2Fmedia&parent=4770"}],"wp:term":[{"taxonomy":"category","embeddable":true,"href":"https:\/\/archive.sana.sy\/tr\/index.php?rest_route=%2Fwp%2Fv2%2Fcategories&post=4770"},{"taxonomy":"post_tag","embeddable":true,"href":"https:\/\/archive.sana.sy\/tr\/index.php?rest_route=%2Fwp%2Fv2%2Ftags&post=4770"}],"curies":[{"name":"wp","href":"https:\/\/api.w.org\/{rel}","templated":true}]}}