{"id":47702,"date":"2015-09-23T13:15:10","date_gmt":"2015-09-23T10:15:10","guid":{"rendered":"http:\/\/www.sana.sy\/tr\/?p=47702"},"modified":"2015-09-23T16:02:06","modified_gmt":"2015-09-23T13:02:06","slug":"sivil-ve-asker-personellerin-tamamini-kapsayan-yasama-karari-ayrica-devletin-%75-ve-daha-uzeri-oranla-ortak-oldugu-sirket-ve-kurum-calisanlarini-da-kapsiyor","status":"publish","type":"post","link":"https:\/\/archive.sana.sy\/tr\/?p=47702","title":{"rendered":"Sivil ve asker personellerin tamam\u0131n\u0131 kapsayan yasama karar\u0131 ayr\u0131ca devletin %75 ve daha \u00fczeri oranla ortak oldu\u011fu \u015firket ve kurum \u00e7al\u0131\u015fanlar\u0131n\u0131 da kaps\u0131yor"},"content":{"rendered":"<p>Sivil ve asker personellerin tamam\u0131n\u0131 kapsayan yasama karar\u0131 ayr\u0131ca devletin %75 ve daha \u00fczeri oranla ortak oldu\u011fu \u015firket ve kurum \u00e7al\u0131\u015fanlar\u0131n\u0131 da kaps\u0131yor<\/p>\n","protected":false},"excerpt":{"rendered":"<p>Sivil ve asker personellerin tamam\u0131n\u0131 kapsayan yasama karar\u0131 ayr\u0131ca devletin %75 ve daha \u00fczeri oranla ortak oldu\u011fu \u015firket ve kurum \u00e7al\u0131\u015fanlar\u0131n\u0131 da kaps\u0131yor<\/p>\n","protected":false},"author":1,"featured_media":0,"comment_status":"closed","ping_status":"closed","sticky":false,"template":"","format":"standard","meta":{"footnotes":""},"categories":[1],"tags":[],"class_list":["post-47702","post","type-post","status-publish","format-standard","","category-news-not-sorted"],"_links":{"self":[{"href":"https:\/\/archive.sana.sy\/tr\/index.php?rest_route=\/wp\/v2\/posts\/47702","targetHints":{"allow":["GET"]}}],"collection":[{"href":"https:\/\/archive.sana.sy\/tr\/index.php?rest_route=\/wp\/v2\/posts"}],"about":[{"href":"https:\/\/archive.sana.sy\/tr\/index.php?rest_route=\/wp\/v2\/types\/post"}],"author":[{"embeddable":true,"href":"https:\/\/archive.sana.sy\/tr\/index.php?rest_route=\/wp\/v2\/users\/1"}],"replies":[{"embeddable":true,"href":"https:\/\/archive.sana.sy\/tr\/index.php?rest_route=%2Fwp%2Fv2%2Fcomments&post=47702"}],"version-history":[{"count":0,"href":"https:\/\/archive.sana.sy\/tr\/index.php?rest_route=\/wp\/v2\/posts\/47702\/revisions"}],"wp:attachment":[{"href":"https:\/\/archive.sana.sy\/tr\/index.php?rest_route=%2Fwp%2Fv2%2Fmedia&parent=47702"}],"wp:term":[{"taxonomy":"category","embeddable":true,"href":"https:\/\/archive.sana.sy\/tr\/index.php?rest_route=%2Fwp%2Fv2%2Fcategories&post=47702"},{"taxonomy":"post_tag","embeddable":true,"href":"https:\/\/archive.sana.sy\/tr\/index.php?rest_route=%2Fwp%2Fv2%2Ftags&post=47702"}],"curies":[{"name":"wp","href":"https:\/\/api.w.org\/{rel}","templated":true}]}}