{"id":47709,"date":"2015-09-23T16:06:25","date_gmt":"2015-09-23T13:06:25","guid":{"rendered":"http:\/\/www.sana.sy\/tr\/?p=47709"},"modified":"2015-09-23T16:06:25","modified_gmt":"2015-09-23T13:06:25","slug":"rusya-disisleri-bakani-sergey-lavrov-abdnin-rusyanin-suriyedeki-krize-iliskin-tutum-ve-yaklasimlarini-daha-cok-idrak-etmeye-basladigini-belirtti","status":"publish","type":"post","link":"https:\/\/archive.sana.sy\/tr\/?p=47709","title":{"rendered":"Rusya D\u0131\u015fi\u015fleri Bakan\u0131 Sergey Lavrov; ABD\u2019nin Rusya&#8217;n\u0131n Suriye&#8217;deki krize ili\u015fkin tutum ve yakla\u015f\u0131mlar\u0131n\u0131 daha \u00e7ok idrak etmeye ba\u015flad\u0131\u011f\u0131n\u0131 belirtti"},"content":{"rendered":"<p>Rusya D\u0131\u015fi\u015fleri Bakan\u0131 Sergey Lavrov; ABD\u2019nin Rusya&#8217;n\u0131n Suriye&#8217;deki krize ili\u015fkin tutum ve yakla\u015f\u0131mlar\u0131n\u0131 daha \u00e7ok idrak etmeye ba\u015flad\u0131\u011f\u0131n\u0131 belirtti<\/p>\n","protected":false},"excerpt":{"rendered":"<p>Rusya D\u0131\u015fi\u015fleri Bakan\u0131 Sergey Lavrov; ABD\u2019nin Rusya&#8217;n\u0131n Suriye&#8217;deki krize ili\u015fkin tutum ve yakla\u015f\u0131mlar\u0131n\u0131 daha \u00e7ok idrak etmeye ba\u015flad\u0131\u011f\u0131n\u0131 belirtti<\/p>\n","protected":false},"author":1,"featured_media":0,"comment_status":"closed","ping_status":"closed","sticky":false,"template":"","format":"standard","meta":{"footnotes":""},"categories":[1],"tags":[],"class_list":["post-47709","post","type-post","status-publish","format-standard","","category-news-not-sorted"],"_links":{"self":[{"href":"https:\/\/archive.sana.sy\/tr\/index.php?rest_route=\/wp\/v2\/posts\/47709","targetHints":{"allow":["GET"]}}],"collection":[{"href":"https:\/\/archive.sana.sy\/tr\/index.php?rest_route=\/wp\/v2\/posts"}],"about":[{"href":"https:\/\/archive.sana.sy\/tr\/index.php?rest_route=\/wp\/v2\/types\/post"}],"author":[{"embeddable":true,"href":"https:\/\/archive.sana.sy\/tr\/index.php?rest_route=\/wp\/v2\/users\/1"}],"replies":[{"embeddable":true,"href":"https:\/\/archive.sana.sy\/tr\/index.php?rest_route=%2Fwp%2Fv2%2Fcomments&post=47709"}],"version-history":[{"count":0,"href":"https:\/\/archive.sana.sy\/tr\/index.php?rest_route=\/wp\/v2\/posts\/47709\/revisions"}],"wp:attachment":[{"href":"https:\/\/archive.sana.sy\/tr\/index.php?rest_route=%2Fwp%2Fv2%2Fmedia&parent=47709"}],"wp:term":[{"taxonomy":"category","embeddable":true,"href":"https:\/\/archive.sana.sy\/tr\/index.php?rest_route=%2Fwp%2Fv2%2Fcategories&post=47709"},{"taxonomy":"post_tag","embeddable":true,"href":"https:\/\/archive.sana.sy\/tr\/index.php?rest_route=%2Fwp%2Fv2%2Ftags&post=47709"}],"curies":[{"name":"wp","href":"https:\/\/api.w.org\/{rel}","templated":true}]}}