{"id":47712,"date":"2015-09-23T16:45:16","date_gmt":"2015-09-23T13:45:16","guid":{"rendered":"http:\/\/www.sana.sy\/tr\/?p=47712"},"modified":"2015-09-24T13:14:48","modified_gmt":"2015-09-24T10:14:48","slug":"el-esad-bayram-munasebetiyle-bir-dizi-mesaj-aldi-2","status":"publish","type":"post","link":"https:\/\/archive.sana.sy\/tr\/?p=47712","title":{"rendered":"El Esad Bayram M\u00fcnasebetiyle Bir Dizi Mesaj Ald\u0131"},"content":{"rendered":"<p>\u015eAM \u2013 Cumhurba\u015fkan\u0131 Be\u015f\u015far el Esad m\u00fcbarek kurban bayram\u0131 m\u00fcnasebetiyle bug\u00fcn bir dizi mektup telsim ald\u0131.<\/p>\n<p>\u015eam Birinci \u015eeriat Kad\u0131s\u0131 Mahmut el Meravi m\u00fcbarek kurban bayram\u0131n\u0131n ilk g\u00fcn\u00fcn\u00fcn 24 Eyl\u00fcl Per\u015fembe g\u00fcn\u00fcne denk geldi\u011fini bildirirken; el Esad\u2019\u0131n bayram\u0131n\u0131 kutlad\u0131. Suriye ve halk\u0131n\u0131n hayr\u0131na t\u00fcm \u00e7al\u0131\u015fmalar\u0131nda el Esad\u2019a ba\u015far\u0131lar temenni eden Meravi; Arap ve M\u00fcsl\u00fcman aleminin de bayram\u0131n\u0131 kutlad\u0131.<\/p>\n<p>Adalet Bakan\u0131 Necm Hamad el Ahmet ise el Esad\u2019a bayram mesaj\u0131nda; Adalet Bakanl\u0131\u011f\u0131 \u00e7al\u0131\u015fanlar\u0131, avukat ve yarg\u0131 \u00e7al\u0131\u015fanlar\u0131 ad\u0131na g\u00fczel temennilerde bulundu. Suriye ve halk\u0131n\u0131n maruz kald\u0131\u011f\u0131 evrensel ter\u00f6r sava\u015f\u0131n\u0131n en k\u0131sa zamanda sona ermesi dualar\u0131n\u0131 ifade eden Bakan Ahmet; el Esad\u2019\u0131n y\u00f6netimiyle Suriye&#8217;nin bar\u0131\u015f ve istikrara d\u00f6nmesi temennilerinde bulundu.<\/p>\n<p>Adalet Bakan\u0131 vatan u\u011fruna \u00f6rnek bir \u00f6zveri ve duyarl\u0131l\u0131kla m\u00fccadele eden ordu birliklerimizin de bayram\u0131n\u0131 kutlarken; do\u011fru yoldan sapanlar\u0131n da bu m\u00fcbarek bayram\u0131n kutsall\u0131\u011f\u0131yla ak\u0131llar\u0131na d\u00f6n\u00fcp vatan kuca\u011f\u0131na d\u00f6nmeleri dile\u011finde bulundu.<\/p>\n<p>Vak\u0131flar Bakan\u0131 Muhammed Abd\u00fcssettar el Seyit ise kendisi ve bakanl\u0131k \u00e7al\u0131\u015fanlar\u0131 ad\u0131na el Esad\u2019a g\u00f6nderdi\u011fi kutlama mesaj\u0131nda; Suriye&#8217;nin el Esad\u2019\u0131n bilgeli y\u00f6netimi ve ordusunun kahramanl\u0131klar\u0131yla ya\u015fad\u0131\u011f\u0131 ter\u00f6r belas\u0131ndan kurtulaca\u011f\u0131na mutlak bir \u015fekilde inand\u0131\u011f\u0131n\u0131 ifade etti.<\/p>\n<p>Bakan Seyit kurban bayram\u0131n\u0131n vatan sevgisini peki\u015ftirmek i\u00e7in bir m\u00fcnasebet oldu\u011funa i\u015faret ederek, ter\u00f6re kar\u015f\u0131 amans\u0131z sava\u015f\u0131n\u0131 s\u00fcrd\u00fcren ordu birliklerimizin bayram\u0131n\u0131 da kutlad\u0131.<\/p>\n<p>Kendisi ve M\u00fcft\u00fcl\u00fck \u00e7al\u0131\u015fanlar\u0131 ad\u0131na el Esad\u2019a bayram mesaj\u0131 g\u00f6nderen Cumhuriyet Ba\u015f M\u00fcft\u00fcs\u00fc Ahmet Bedrettin Hassun ise; Suriye&#8217;nin be\u015f y\u0131la yak\u0131n fedakarl\u0131klar\u0131 ve muazzam m\u00fccadelesiyle tarihin destanlarla kay\u0131tlara alaca\u011f\u0131 b\u00fcy\u00fck bir zafer kazanaca\u011f\u0131n\u0131 ifade etti.<\/p>\n","protected":false},"excerpt":{"rendered":"<p>\u015eAM \u2013 Cumhurba\u015fkan\u0131 Be\u015f\u015far el Esad m\u00fcbarek kurban bayram\u0131 m\u00fcnasebetiyle bug\u00fcn bir dizi mektup telsim ald\u0131. \u015eam Birinci \u015eeriat Kad\u0131s\u0131 Mahmut el Meravi m\u00fcbarek kurban bayram\u0131n\u0131n ilk g\u00fcn\u00fcn\u00fcn 24 Eyl\u00fcl Per\u015fembe g\u00fcn\u00fcne denk geldi\u011fini bildirirken; el Esad\u2019\u0131n bayram\u0131n\u0131 kutlad\u0131. Suriye ve halk\u0131n\u0131n hayr\u0131na t\u00fcm \u00e7al\u0131\u015fmalar\u0131nda el Esad\u2019a ba\u015far\u0131lar temenni eden Meravi; Arap ve M\u00fcsl\u00fcman aleminin &hellip;<\/p>\n","protected":false},"author":1,"featured_media":47717,"comment_status":"closed","ping_status":"closed","sticky":false,"template":"","format":"standard","meta":{"footnotes":""},"categories":[479,605,613,478],"tags":[3013],"class_list":["post-47712","post","type-post","status-publish","format-standard","has-post-thumbnail","","category-haberler-yerel","category-sayin-cumhurbaskani","category-telgraflar","category-yerel","tag-el-esad-bayram-munasebetiyle-bir-dizi-mesaj-aldi"],"_links":{"self":[{"href":"https:\/\/archive.sana.sy\/tr\/index.php?rest_route=\/wp\/v2\/posts\/47712","targetHints":{"allow":["GET"]}}],"collection":[{"href":"https:\/\/archive.sana.sy\/tr\/index.php?rest_route=\/wp\/v2\/posts"}],"about":[{"href":"https:\/\/archive.sana.sy\/tr\/index.php?rest_route=\/wp\/v2\/types\/post"}],"author":[{"embeddable":true,"href":"https:\/\/archive.sana.sy\/tr\/index.php?rest_route=\/wp\/v2\/users\/1"}],"replies":[{"embeddable":true,"href":"https:\/\/archive.sana.sy\/tr\/index.php?rest_route=%2Fwp%2Fv2%2Fcomments&post=47712"}],"version-history":[{"count":0,"href":"https:\/\/archive.sana.sy\/tr\/index.php?rest_route=\/wp\/v2\/posts\/47712\/revisions"}],"wp:featuredmedia":[{"embeddable":true,"href":"https:\/\/archive.sana.sy\/tr\/index.php?rest_route=\/wp\/v2\/media\/47717"}],"wp:attachment":[{"href":"https:\/\/archive.sana.sy\/tr\/index.php?rest_route=%2Fwp%2Fv2%2Fmedia&parent=47712"}],"wp:term":[{"taxonomy":"category","embeddable":true,"href":"https:\/\/archive.sana.sy\/tr\/index.php?rest_route=%2Fwp%2Fv2%2Fcategories&post=47712"},{"taxonomy":"post_tag","embeddable":true,"href":"https:\/\/archive.sana.sy\/tr\/index.php?rest_route=%2Fwp%2Fv2%2Ftags&post=47712"}],"curies":[{"name":"wp","href":"https:\/\/api.w.org\/{rel}","templated":true}]}}