{"id":47719,"date":"2015-09-23T16:57:02","date_gmt":"2015-09-23T13:57:02","guid":{"rendered":"http:\/\/www.sana.sy\/tr\/?p=47719"},"modified":"2015-09-23T16:57:02","modified_gmt":"2015-09-23T13:57:02","slug":"haseke-gencleri-dunyaya-mesaj-vermek-istedi","status":"publish","type":"post","link":"https:\/\/archive.sana.sy\/tr\/?p=47719","title":{"rendered":"Haseke Gen\u00e7leri D\u00fcnyaya Mesaj Vermek \u0130stedi"},"content":{"rendered":"<p>HASEKE \u2013 Devrim Gen\u00e7li\u011fi Birli\u011fi bug\u00fcn kurban bayram\u0131 m\u00fcnasebetiyle \u2018Bayram Tebess\u00fcm\u00fc\u2019 slogan\u0131 alt\u0131nda bir etkinlik d\u00fczenledi.<\/p>\n<p>Etkinlikte say\u0131lar\u0131 50\u2019yi a\u015fan kat\u0131l\u0131mc\u0131lar Haseke Kentinde ordu birliklerimiz ve ter\u00f6re kar\u015f\u0131 askerlerimizle omuz omuza sava\u015fan ulusal g\u00fc\u00e7leri ziyaret ederek bayramlar\u0131n\u0131 kutlad\u0131.<\/p>\n<p>Kat\u0131l\u0131mc\u0131lar bu etkinlikten ama\u00e7lar\u0131n\u0131n d\u00fcnyaya net ve kararl\u0131 bir mesaj vermek istediklerini ifade ederlerken; Haseke ve ahalisinin vatanlar\u0131n\u0131n egemenli\u011fine ve toprak b\u00fct\u00fcnl\u00fc\u011f\u00fcne s\u0131ms\u0131k\u0131 tutunduklar\u0131n\u0131, her kes taraf\u0131ndan bilinen taraflarca desteklenen ter\u00f6ristlere kar\u015f\u0131 ordu birliklerimizle omuz omuza kar\u015f\u0131 sava\u015flar\u0131na azimli olduklar\u0131n\u0131n alt\u0131n\u0131 \u00e7izdi.<\/p>\n<div id='gallery-1' class='gallery galleryid-47719 gallery-columns-3 gallery-size-thumbnail'><figure class='gallery-item'>\n\t\t\t<div class='gallery-icon landscape'>\n\t\t\t\t<a href='https:\/\/archive.sana.sy\/tr\/wp-content\/uploads\/2015\/09\/246.jpg'><img loading=\"lazy\" decoding=\"async\" width=\"150\" height=\"113\" src=\"https:\/\/archive.sana.sy\/tr\/wp-content\/uploads\/2015\/09\/246-150x113.jpg\" class=\"attachment-thumbnail size-thumbnail\" alt=\"\" srcset=\"https:\/\/archive.sana.sy\/tr\/wp-content\/uploads\/2015\/09\/246-150x113.jpg 150w, https:\/\/archive.sana.sy\/tr\/wp-content\/uploads\/2015\/09\/246-300x225.jpg 300w, https:\/\/archive.sana.sy\/tr\/wp-content\/uploads\/2015\/09\/246.jpg 800w\" sizes=\"auto, (max-width: 150px) 100vw, 150px\" \/><\/a>\n\t\t\t<\/div><\/figure><figure class='gallery-item'>\n\t\t\t<div class='gallery-icon landscape'>\n\t\t\t\t<a href='https:\/\/archive.sana.sy\/tr\/wp-content\/uploads\/2015\/09\/1109.jpg'><img loading=\"lazy\" decoding=\"async\" width=\"150\" height=\"113\" src=\"https:\/\/archive.sana.sy\/tr\/wp-content\/uploads\/2015\/09\/1109-150x113.jpg\" class=\"attachment-thumbnail size-thumbnail\" alt=\"\" srcset=\"https:\/\/archive.sana.sy\/tr\/wp-content\/uploads\/2015\/09\/1109-150x113.jpg 150w, https:\/\/archive.sana.sy\/tr\/wp-content\/uploads\/2015\/09\/1109-300x225.jpg 300w, https:\/\/archive.sana.sy\/tr\/wp-content\/uploads\/2015\/09\/1109.jpg 800w\" sizes=\"auto, (max-width: 150px) 100vw, 150px\" \/><\/a>\n\t\t\t<\/div><\/figure><figure class='gallery-item'>\n\t\t\t<div class='gallery-icon landscape'>\n\t\t\t\t<a href='https:\/\/archive.sana.sy\/tr\/wp-content\/uploads\/2015\/09\/332.jpg'><img loading=\"lazy\" decoding=\"async\" width=\"150\" height=\"113\" src=\"https:\/\/archive.sana.sy\/tr\/wp-content\/uploads\/2015\/09\/332-150x113.jpg\" class=\"attachment-thumbnail size-thumbnail\" alt=\"\" srcset=\"https:\/\/archive.sana.sy\/tr\/wp-content\/uploads\/2015\/09\/332-150x113.jpg 150w, https:\/\/archive.sana.sy\/tr\/wp-content\/uploads\/2015\/09\/332-300x225.jpg 300w, https:\/\/archive.sana.sy\/tr\/wp-content\/uploads\/2015\/09\/332.jpg 800w\" sizes=\"auto, (max-width: 150px) 100vw, 150px\" \/><\/a>\n\t\t\t<\/div><\/figure>\n\t\t<\/div>\n\n","protected":false},"excerpt":{"rendered":"<p>HASEKE \u2013 Devrim Gen\u00e7li\u011fi Birli\u011fi bug\u00fcn kurban bayram\u0131 m\u00fcnasebetiyle \u2018Bayram Tebess\u00fcm\u00fc\u2019 slogan\u0131 alt\u0131nda bir etkinlik d\u00fczenledi. Etkinlikte say\u0131lar\u0131 50\u2019yi a\u015fan kat\u0131l\u0131mc\u0131lar Haseke Kentinde ordu birliklerimiz ve ter\u00f6re kar\u015f\u0131 askerlerimizle omuz omuza sava\u015fan ulusal g\u00fc\u00e7leri ziyaret ederek bayramlar\u0131n\u0131 kutlad\u0131. Kat\u0131l\u0131mc\u0131lar bu etkinlikten ama\u00e7lar\u0131n\u0131n d\u00fcnyaya net ve kararl\u0131 bir mesaj vermek istediklerini ifade ederlerken; Haseke ve ahalisinin &hellip;<\/p>\n","protected":false},"author":1,"featured_media":47720,"comment_status":"closed","ping_status":"closed","sticky":false,"template":"","format":"standard","meta":{"footnotes":""},"categories":[479,447,478],"tags":[16872,16871,16873],"class_list":["post-47719","post","type-post","status-publish","format-standard","has-post-thumbnail","","category-haberler-yerel","category-politika","category-yerel","tag-devrim-gencligi-birligi","tag-haseke-gencleri-dunyaya-mesaj-vermek-istedi","tag-haseke-kentinde"],"_links":{"self":[{"href":"https:\/\/archive.sana.sy\/tr\/index.php?rest_route=\/wp\/v2\/posts\/47719","targetHints":{"allow":["GET"]}}],"collection":[{"href":"https:\/\/archive.sana.sy\/tr\/index.php?rest_route=\/wp\/v2\/posts"}],"about":[{"href":"https:\/\/archive.sana.sy\/tr\/index.php?rest_route=\/wp\/v2\/types\/post"}],"author":[{"embeddable":true,"href":"https:\/\/archive.sana.sy\/tr\/index.php?rest_route=\/wp\/v2\/users\/1"}],"replies":[{"embeddable":true,"href":"https:\/\/archive.sana.sy\/tr\/index.php?rest_route=%2Fwp%2Fv2%2Fcomments&post=47719"}],"version-history":[{"count":0,"href":"https:\/\/archive.sana.sy\/tr\/index.php?rest_route=\/wp\/v2\/posts\/47719\/revisions"}],"wp:featuredmedia":[{"embeddable":true,"href":"https:\/\/archive.sana.sy\/tr\/index.php?rest_route=\/wp\/v2\/media\/47720"}],"wp:attachment":[{"href":"https:\/\/archive.sana.sy\/tr\/index.php?rest_route=%2Fwp%2Fv2%2Fmedia&parent=47719"}],"wp:term":[{"taxonomy":"category","embeddable":true,"href":"https:\/\/archive.sana.sy\/tr\/index.php?rest_route=%2Fwp%2Fv2%2Fcategories&post=47719"},{"taxonomy":"post_tag","embeddable":true,"href":"https:\/\/archive.sana.sy\/tr\/index.php?rest_route=%2Fwp%2Fv2%2Ftags&post=47719"}],"curies":[{"name":"wp","href":"https:\/\/api.w.org\/{rel}","templated":true}]}}