{"id":47739,"date":"2015-09-23T17:20:29","date_gmt":"2015-09-23T14:20:29","guid":{"rendered":"http:\/\/www.sana.sy\/tr\/?p=47739"},"modified":"2015-09-23T17:21:00","modified_gmt":"2015-09-23T14:21:00","slug":"gunun-ilerleyen-saatlerinde-sanaya-aciklama-ayapan-askeri-kaynak-hava-guclerimizin-deyrezzorda-mureyiye-bolgesinde-isid-cetelerine-ait-bir-kismi-agir-silahlarla-donatilmis-cok-sayida","status":"publish","type":"post","link":"https:\/\/archive.sana.sy\/tr\/?p=47739","title":{"rendered":"SANA\u2019ya a\u00e7\u0131klama ayapan askeri kaynak hava g\u00fc\u00e7lerimizin Deyrezzor\u2019da Mureyiye B\u00f6lgesinde I\u015e\u0130D \u00e7etelerine ait bir k\u0131sm\u0131 a\u011f\u0131r silahlarla donat\u0131lm\u0131\u015f \u00e7ok say\u0131da arac\u0131n ta\u015f\u0131d\u0131\u011f\u0131 ter\u00f6rist ve cephaneyle birlikte imha edildiklerini belirtti"},"content":{"rendered":"<p>SANA\u2019ya a\u00e7\u0131klama ayapan askeri kaynak hava g\u00fc\u00e7lerimizin Deyrezzor\u2019da Mureyiye B\u00f6lgesinde I\u015e\u0130D \u00e7etelerine ait bir k\u0131sm\u0131 a\u011f\u0131r silahlarla donat\u0131lm\u0131\u015f \u00e7ok say\u0131da arac\u0131n ta\u015f\u0131d\u0131\u011f\u0131 ter\u00f6rist ve cephaneyle birlikte imha edildiklerini belirtti<\/p>\n","protected":false},"excerpt":{"rendered":"<p>SANA\u2019ya a\u00e7\u0131klama ayapan askeri kaynak hava g\u00fc\u00e7lerimizin Deyrezzor\u2019da Mureyiye B\u00f6lgesinde I\u015e\u0130D \u00e7etelerine ait bir k\u0131sm\u0131 a\u011f\u0131r silahlarla donat\u0131lm\u0131\u015f \u00e7ok say\u0131da arac\u0131n ta\u015f\u0131d\u0131\u011f\u0131 ter\u00f6rist ve cephaneyle birlikte imha edildiklerini belirtti<\/p>\n","protected":false},"author":1,"featured_media":0,"comment_status":"closed","ping_status":"closed","sticky":false,"template":"","format":"standard","meta":{"footnotes":""},"categories":[1],"tags":[],"class_list":["post-47739","post","type-post","status-publish","format-standard","","category-news-not-sorted"],"_links":{"self":[{"href":"https:\/\/archive.sana.sy\/tr\/index.php?rest_route=\/wp\/v2\/posts\/47739","targetHints":{"allow":["GET"]}}],"collection":[{"href":"https:\/\/archive.sana.sy\/tr\/index.php?rest_route=\/wp\/v2\/posts"}],"about":[{"href":"https:\/\/archive.sana.sy\/tr\/index.php?rest_route=\/wp\/v2\/types\/post"}],"author":[{"embeddable":true,"href":"https:\/\/archive.sana.sy\/tr\/index.php?rest_route=\/wp\/v2\/users\/1"}],"replies":[{"embeddable":true,"href":"https:\/\/archive.sana.sy\/tr\/index.php?rest_route=%2Fwp%2Fv2%2Fcomments&post=47739"}],"version-history":[{"count":0,"href":"https:\/\/archive.sana.sy\/tr\/index.php?rest_route=\/wp\/v2\/posts\/47739\/revisions"}],"wp:attachment":[{"href":"https:\/\/archive.sana.sy\/tr\/index.php?rest_route=%2Fwp%2Fv2%2Fmedia&parent=47739"}],"wp:term":[{"taxonomy":"category","embeddable":true,"href":"https:\/\/archive.sana.sy\/tr\/index.php?rest_route=%2Fwp%2Fv2%2Fcategories&post=47739"},{"taxonomy":"post_tag","embeddable":true,"href":"https:\/\/archive.sana.sy\/tr\/index.php?rest_route=%2Fwp%2Fv2%2Ftags&post=47739"}],"curies":[{"name":"wp","href":"https:\/\/api.w.org\/{rel}","templated":true}]}}