{"id":47752,"date":"2015-09-24T17:00:24","date_gmt":"2015-09-24T14:00:24","guid":{"rendered":"http:\/\/www.sana.sy\/tr\/?p=47752"},"modified":"2015-09-25T15:34:12","modified_gmt":"2015-09-25T12:34:12","slug":"el-esad-kurban-bayrami-namazini-el-adil-camiinde-kildi","status":"publish","type":"post","link":"https:\/\/archive.sana.sy\/tr\/?p=47752","title":{"rendered":"El Esad Kurban Bayram\u0131 Namaz\u0131n\u0131 el Adil Camii\u2019nde K\u0131ld\u0131"},"content":{"rendered":"<p>\u015eAM \u2013 Cumhurba\u015fkan\u0131 el Esad Kurban Bayram\u0131 namaz\u0131n\u0131 devletin \u00fcst d\u00fczey yetkilileri, din adamlar\u0131 ve halk kitleleri ile birlikte \u015eam\u2019daki el Adil Camii\u2019nde k\u0131ld\u0131.<\/p>\n<p>Cumhurba\u015fkan\u0131 el Esad\u2019a bayram namaz\u0131nda, Baas Partisi\u2019nin \u00fcst d\u00fczey yetkilileri, \u0130slam ulemalar\u0131 ve vatanda\u015flar e\u015flik etti.<\/p>\n<p><a href=\"http:\/\/www.sana.sy\/tr\/wp-content\/uploads\/2015\/09\/1120.jpg\"><img loading=\"lazy\" decoding=\"async\" class=\"alignright wp-image-47759 size-medium\" src=\"http:\/\/www.sana.sy\/tr\/wp-content\/uploads\/2015\/09\/1120-226x300.jpg\" alt=\"1\" width=\"226\" height=\"300\" srcset=\"https:\/\/archive.sana.sy\/tr\/wp-content\/uploads\/2015\/09\/1120-226x300.jpg 226w, https:\/\/archive.sana.sy\/tr\/wp-content\/uploads\/2015\/09\/1120-113x150.jpg 113w, https:\/\/archive.sana.sy\/tr\/wp-content\/uploads\/2015\/09\/1120-772x1024.jpg 772w, https:\/\/archive.sana.sy\/tr\/wp-content\/uploads\/2015\/09\/1120.jpg 1000w\" sizes=\"auto, (max-width: 226px) 100vw, 226px\" \/><\/a>\u00d6te yandan \u015eam Vak\u0131flar M\u00fcd\u00fcr\u00fc Dr. \u015eeyh Ahmet Samir el Kabbani bayram hutbesinde, bayram\u0131n \u0130slam \u00dcmmeti a\u00e7\u0131s\u0131ndan mutlulu\u011fu ifada etti\u011fini, fakat Suriye\u2019de, Suriyelilerin hacca gitmesinin engellenmesi, d\u00fc\u015fmanlar\u0131n bu topraklarda b\u00fcy\u00fck yaralar a\u00e7mas\u0131, ac\u0131 ve elemi ekmesi nedeniyle bu mutlulu\u011fun ya\u015fanamad\u0131\u011f\u0131n\u0131 s\u00f6yledi.<\/p>\n<p>El Kabbani, bug\u00fcn vatan topraklar\u0131n\u0131 korumak i\u00e7in en de\u011ferli varl\u0131klar\u0131 olan canlar\u0131n\u0131 feda eden \u015fehitlerimiz ve kahraman askerlerimizin en b\u00fcy\u00fck sayg\u0131 ve h\u00fcrmeti hak ettiklerine vurgu yaparak Suriye halk\u0131n\u0131n b\u00fcy\u00fck mucizeler yaratt\u0131\u011f\u0131na dikkat \u00e7ekti.<\/p>\n<p>Arap ve \u0130slam \u00e2leminde tehlike \u00e7anlar\u0131n\u0131 \u00e7almak gerekti\u011fi konusunda uyaran el Kabbani, Arap ve \u0130slam \u00e2lemine derin uykusundan uyanma, saflar\u0131 birle\u015ftirme ve b\u00f6lgede ya\u015fanan ger\u00e7eklerin fark\u0131na varma \u00e7a\u011fr\u0131s\u0131 yapt\u0131.<\/p>\n<p>Suriye\u2019de ger\u00e7ek \u0130slam\u2019\u0131n mescitlerde ve minberlerde \u00f6\u011fretildi\u011fini, ulusu b\u00f6len ve saflar\u0131n\u0131 par\u00e7alayan tekfircili\u011fin \u00f6\u011fretilmedi\u011fini belirten el Kabbani, Suriye\u2019deki \u0130slam \u00f6\u011fretisinin Kuran-\u0131 Kerim\u2019in tefsiri ve standart n\u00fcshas\u0131, peygamberin hayat\u0131, Arap ve \u0130slam kimli\u011fiyle \u00f6v\u00fcnen Cumhurba\u015fkan\u0131 el Esad\u2019\u0131n iftihar etti\u011fi kad\u0131n\u0131 savunan bak\u0131\u015f a\u00e7\u0131s\u0131n\u0131 i\u00e7erdi\u011finin alt\u0131n\u0131 \u00e7izdi.<\/p>\n<p>El Kabbani, Suriye halk\u0131 evlatlar\u0131n\u0131n vatan savunmas\u0131nda d\u00fc\u015fmanlara kar\u015f\u0131 verilen m\u00fccadelede birer sava\u015f\u00e7\u0131 olarak el Esad\u2019\u0131n yan\u0131nda oldu\u011fu mesaj\u0131n\u0131 vererek Allah\u2019a vatan\u0131 korumas\u0131 ve liderini ba\u015far\u0131ya ula\u015ft\u0131rmas\u0131 i\u00e7in dua etti.<\/p>\n<div id='gallery-1' class='gallery galleryid-47752 gallery-columns-2 gallery-size-medium'><figure class='gallery-item'>\n\t\t\t<div class='gallery-icon landscape'>\n\t\t\t\t<a href='https:\/\/archive.sana.sy\/tr\/wp-content\/uploads\/2015\/09\/1121.jpg'><img loading=\"lazy\" decoding=\"async\" width=\"300\" height=\"152\" src=\"https:\/\/archive.sana.sy\/tr\/wp-content\/uploads\/2015\/09\/1121-300x152.jpg\" class=\"attachment-medium size-medium\" alt=\"\" srcset=\"https:\/\/archive.sana.sy\/tr\/wp-content\/uploads\/2015\/09\/1121-300x152.jpg 300w, https:\/\/archive.sana.sy\/tr\/wp-content\/uploads\/2015\/09\/1121-150x76.jpg 150w, https:\/\/archive.sana.sy\/tr\/wp-content\/uploads\/2015\/09\/1121.jpg 1000w\" sizes=\"auto, (max-width: 300px) 100vw, 300px\" \/><\/a>\n\t\t\t<\/div><\/figure><figure class='gallery-item'>\n\t\t\t<div class='gallery-icon landscape'>\n\t\t\t\t<a href='https:\/\/archive.sana.sy\/tr\/wp-content\/uploads\/2015\/09\/247.jpg'><img loading=\"lazy\" decoding=\"async\" width=\"300\" height=\"152\" src=\"https:\/\/archive.sana.sy\/tr\/wp-content\/uploads\/2015\/09\/247-300x152.jpg\" class=\"attachment-medium size-medium\" alt=\"\" srcset=\"https:\/\/archive.sana.sy\/tr\/wp-content\/uploads\/2015\/09\/247-300x152.jpg 300w, https:\/\/archive.sana.sy\/tr\/wp-content\/uploads\/2015\/09\/247-150x76.jpg 150w, https:\/\/archive.sana.sy\/tr\/wp-content\/uploads\/2015\/09\/247.jpg 1000w\" sizes=\"auto, (max-width: 300px) 100vw, 300px\" \/><\/a>\n\t\t\t<\/div><\/figure><figure class='gallery-item'>\n\t\t\t<div class='gallery-icon landscape'>\n\t\t\t\t<a href='https:\/\/archive.sana.sy\/tr\/wp-content\/uploads\/2015\/09\/333.jpg'><img loading=\"lazy\" decoding=\"async\" width=\"300\" height=\"168\" src=\"https:\/\/archive.sana.sy\/tr\/wp-content\/uploads\/2015\/09\/333-300x168.jpg\" class=\"attachment-medium size-medium\" alt=\"\" srcset=\"https:\/\/archive.sana.sy\/tr\/wp-content\/uploads\/2015\/09\/333-300x168.jpg 300w, https:\/\/archive.sana.sy\/tr\/wp-content\/uploads\/2015\/09\/333-150x84.jpg 150w, https:\/\/archive.sana.sy\/tr\/wp-content\/uploads\/2015\/09\/333.jpg 1000w\" sizes=\"auto, (max-width: 300px) 100vw, 300px\" \/><\/a>\n\t\t\t<\/div><\/figure><figure class='gallery-item'>\n\t\t\t<div class='gallery-icon landscape'>\n\t\t\t\t<a href='https:\/\/archive.sana.sy\/tr\/wp-content\/uploads\/2015\/09\/432.jpg'><img loading=\"lazy\" decoding=\"async\" width=\"300\" height=\"137\" src=\"https:\/\/archive.sana.sy\/tr\/wp-content\/uploads\/2015\/09\/432-300x137.jpg\" class=\"attachment-medium size-medium\" alt=\"\" srcset=\"https:\/\/archive.sana.sy\/tr\/wp-content\/uploads\/2015\/09\/432-300x137.jpg 300w, https:\/\/archive.sana.sy\/tr\/wp-content\/uploads\/2015\/09\/432-150x69.jpg 150w, https:\/\/archive.sana.sy\/tr\/wp-content\/uploads\/2015\/09\/432.jpg 1000w\" sizes=\"auto, (max-width: 300px) 100vw, 300px\" \/><\/a>\n\t\t\t<\/div><\/figure><figure class='gallery-item'>\n\t\t\t<div class='gallery-icon landscape'>\n\t\t\t\t<a href='https:\/\/archive.sana.sy\/tr\/wp-content\/uploads\/2015\/09\/526.jpg'><img loading=\"lazy\" decoding=\"async\" width=\"300\" height=\"174\" src=\"https:\/\/archive.sana.sy\/tr\/wp-content\/uploads\/2015\/09\/526-300x174.jpg\" class=\"attachment-medium size-medium\" alt=\"\" srcset=\"https:\/\/archive.sana.sy\/tr\/wp-content\/uploads\/2015\/09\/526-300x174.jpg 300w, https:\/\/archive.sana.sy\/tr\/wp-content\/uploads\/2015\/09\/526-150x87.jpg 150w, https:\/\/archive.sana.sy\/tr\/wp-content\/uploads\/2015\/09\/526.jpg 1000w\" sizes=\"auto, (max-width: 300px) 100vw, 300px\" \/><\/a>\n\t\t\t<\/div><\/figure><figure class='gallery-item'>\n\t\t\t<div class='gallery-icon landscape'>\n\t\t\t\t<a href='https:\/\/archive.sana.sy\/tr\/wp-content\/uploads\/2015\/09\/621.jpg'><img loading=\"lazy\" decoding=\"async\" width=\"300\" height=\"176\" src=\"https:\/\/archive.sana.sy\/tr\/wp-content\/uploads\/2015\/09\/621-300x176.jpg\" class=\"attachment-medium size-medium\" alt=\"\" srcset=\"https:\/\/archive.sana.sy\/tr\/wp-content\/uploads\/2015\/09\/621-300x176.jpg 300w, https:\/\/archive.sana.sy\/tr\/wp-content\/uploads\/2015\/09\/621-150x88.jpg 150w, https:\/\/archive.sana.sy\/tr\/wp-content\/uploads\/2015\/09\/621.jpg 1000w\" sizes=\"auto, (max-width: 300px) 100vw, 300px\" \/><\/a>\n\t\t\t<\/div><\/figure><figure class='gallery-item'>\n\t\t\t<div class='gallery-icon landscape'>\n\t\t\t\t<a href='https:\/\/archive.sana.sy\/tr\/wp-content\/uploads\/2015\/09\/722.jpg'><img loading=\"lazy\" decoding=\"async\" width=\"300\" height=\"211\" src=\"https:\/\/archive.sana.sy\/tr\/wp-content\/uploads\/2015\/09\/722-300x211.jpg\" class=\"attachment-medium size-medium\" alt=\"\" srcset=\"https:\/\/archive.sana.sy\/tr\/wp-content\/uploads\/2015\/09\/722-300x211.jpg 300w, https:\/\/archive.sana.sy\/tr\/wp-content\/uploads\/2015\/09\/722-150x105.jpg 150w, https:\/\/archive.sana.sy\/tr\/wp-content\/uploads\/2015\/09\/722.jpg 1000w\" sizes=\"auto, (max-width: 300px) 100vw, 300px\" \/><\/a>\n\t\t\t<\/div><\/figure><figure class='gallery-item'>\n\t\t\t<div class='gallery-icon landscape'>\n\t\t\t\t<a href='https:\/\/archive.sana.sy\/tr\/wp-content\/uploads\/2015\/09\/820.jpg'><img loading=\"lazy\" decoding=\"async\" width=\"300\" height=\"136\" src=\"https:\/\/archive.sana.sy\/tr\/wp-content\/uploads\/2015\/09\/820-300x136.jpg\" class=\"attachment-medium size-medium\" alt=\"\" srcset=\"https:\/\/archive.sana.sy\/tr\/wp-content\/uploads\/2015\/09\/820-300x136.jpg 300w, https:\/\/archive.sana.sy\/tr\/wp-content\/uploads\/2015\/09\/820-150x68.jpg 150w, https:\/\/archive.sana.sy\/tr\/wp-content\/uploads\/2015\/09\/820.jpg 1000w\" sizes=\"auto, (max-width: 300px) 100vw, 300px\" \/><\/a>\n\t\t\t<\/div><\/figure>\n\t\t<\/div>\n\n<p>S.K. &#8211; R.H.<\/p>\n","protected":false},"excerpt":{"rendered":"<p>\u015eAM \u2013 Cumhurba\u015fkan\u0131 el Esad Kurban Bayram\u0131 namaz\u0131n\u0131 devletin \u00fcst d\u00fczey yetkilileri, din adamlar\u0131 ve halk kitleleri ile birlikte \u015eam\u2019daki el Adil Camii\u2019nde k\u0131ld\u0131. Cumhurba\u015fkan\u0131 el Esad\u2019a bayram namaz\u0131nda, Baas Partisi\u2019nin \u00fcst d\u00fczey yetkilileri, \u0130slam ulemalar\u0131 ve vatanda\u015flar e\u015flik etti. \u00d6te yandan \u015eam Vak\u0131flar M\u00fcd\u00fcr\u00fc Dr. \u015eeyh Ahmet Samir el Kabbani bayram hutbesinde, bayram\u0131n \u0130slam &hellip;<\/p>\n","protected":false},"author":1,"featured_media":47753,"comment_status":"closed","ping_status":"closed","sticky":false,"template":"","format":"standard","meta":{"footnotes":""},"categories":[608,479,605,478],"tags":[16877,16875,16876,16878],"class_list":["post-47752","post","type-post","status-publish","format-standard","has-post-thumbnail","","category-etkinlikler","category-haberler-yerel","category-sayin-cumhurbaskani","category-yerel","tag-baas-partisinin-ust-duzey-yetkilileri","tag-el-esad-kurban-bayrami-namazini-el-adil-camiinde-kildi-sam-cumhurbaskani-bessar-el-esad-kurban-bayrami-namazini-samdaki-el-adil-camiinde-kildi","tag-el-esad-kurban-bayrami-namazini-el-adil-camiinde-kildi-sam-cumhurbaskani-bessar-el-esad-kurban-bayrami-namazini-samdaki-el-adil-camiinde-kildi-cumhurbaskani-el-es","tag-islam-ulemalari-ve-vatandaslar-eslik-etti"],"_links":{"self":[{"href":"https:\/\/archive.sana.sy\/tr\/index.php?rest_route=\/wp\/v2\/posts\/47752","targetHints":{"allow":["GET"]}}],"collection":[{"href":"https:\/\/archive.sana.sy\/tr\/index.php?rest_route=\/wp\/v2\/posts"}],"about":[{"href":"https:\/\/archive.sana.sy\/tr\/index.php?rest_route=\/wp\/v2\/types\/post"}],"author":[{"embeddable":true,"href":"https:\/\/archive.sana.sy\/tr\/index.php?rest_route=\/wp\/v2\/users\/1"}],"replies":[{"embeddable":true,"href":"https:\/\/archive.sana.sy\/tr\/index.php?rest_route=%2Fwp%2Fv2%2Fcomments&post=47752"}],"version-history":[{"count":0,"href":"https:\/\/archive.sana.sy\/tr\/index.php?rest_route=\/wp\/v2\/posts\/47752\/revisions"}],"wp:featuredmedia":[{"embeddable":true,"href":"https:\/\/archive.sana.sy\/tr\/index.php?rest_route=\/wp\/v2\/media\/47753"}],"wp:attachment":[{"href":"https:\/\/archive.sana.sy\/tr\/index.php?rest_route=%2Fwp%2Fv2%2Fmedia&parent=47752"}],"wp:term":[{"taxonomy":"category","embeddable":true,"href":"https:\/\/archive.sana.sy\/tr\/index.php?rest_route=%2Fwp%2Fv2%2Fcategories&post=47752"},{"taxonomy":"post_tag","embeddable":true,"href":"https:\/\/archive.sana.sy\/tr\/index.php?rest_route=%2Fwp%2Fv2%2Ftags&post=47752"}],"curies":[{"name":"wp","href":"https:\/\/api.w.org\/{rel}","templated":true}]}}