{"id":4777,"date":"2014-07-07T14:21:35","date_gmt":"2014-07-07T11:21:35","guid":{"rendered":"http:\/\/www.sana.sy\/tr\/?p=4777"},"modified":"2014-07-07T14:21:35","modified_gmt":"2014-07-07T11:21:35","slug":"yakit-ikmalinin-teroristlerce-kesilmesi-elektrik-kesintisine-yol-acti","status":"publish","type":"post","link":"https:\/\/archive.sana.sy\/tr\/?p=4777","title":{"rendered":"Yak\u0131t \u0130kmal\u0131n\u0131n Ter\u00f6ristlerce Kesilmesi Elektrik Kesintisine Yol A\u00e7t\u0131"},"content":{"rendered":"<p>\u015eAM \u2013 Elektrik Bakanl\u0131\u011f\u0131 bug\u00fcn silahl\u0131 ter\u00f6r gruplar\u0131n\u0131n G\u00fcney B\u00f6lgesi Elektrik \u00dcretim \u00dcnitelerini yak\u0131tla besleyen do\u011falgaz boru hatt\u0131n\u0131n silahl\u0131 ter\u00f6r gruplar\u0131 taraf\u0131ndan \u015eam k\u0131rsal\u0131 Ceyrud B\u00f6lgesinde sabote edilmesi nedeniyle \u00fcnitelerin hizmet d\u0131\u015f\u0131 kald\u0131klar\u0131n\u0131 s\u00f6yledi.<\/p>\n<p>Bakanl\u0131k yay\u0131nlad\u0131\u011f\u0131 beyanda, s\u00f6z konusu \u00fcnitelerin hizmet d\u0131\u015f\u0131 kalmas\u0131n\u0131n g\u00fcney b\u00f6lgede elektrik kesintilerini artt\u0131rd\u0131\u011f\u0131n\u0131, Petrol ve Madeni Kaynaklar Bakanl\u0131\u011f\u0131n\u0131n sabote edilen boru hatt\u0131n\u0131 derhal onarma \u00e7al\u0131\u015fmalar\u0131 ba\u015flatt\u0131\u011f\u0131n\u0131 ifade etti.<\/p>\n<p>Hat\u0131rlanaca\u011f\u0131 \u00fczere ge\u00e7en Nisan ay\u0131 sonunda silahl\u0131 ter\u00f6rist gruplar Karyeteyn B\u00f6lgesinin g\u00fcneyinde Mahasse B\u00f6lgesinde Arap Gaz hatt\u0131na sald\u0131rm\u0131\u015f g\u00fcney b\u00f6lgesini besleyen ve 2000 Mega Wattl\u0131k elektrik \u00fcretimi \u00fcnitelerinin \u00e7al\u0131\u015fmalar\u0131n\u0131 durdurmu\u015ftu.<\/p>\n<p>Bu arada petrol ve do\u011falgaz nakil hatlar\u0131n\u0131n yan\u0131 s\u0131ra elektrik santralleri d\u0131\u015f g\u00fc\u00e7lerin patronajl\u0131\u011f\u0131ndaki silahl\u0131 ter\u00f6r gruplar\u0131 taraf\u0131ndan sistematik bir \u015fekilde hedef al\u0131n\u0131yor.<\/p>\n","protected":false},"excerpt":{"rendered":"<p>\u015eAM \u2013 Elektrik Bakanl\u0131\u011f\u0131 bug\u00fcn silahl\u0131 ter\u00f6r gruplar\u0131n\u0131n G\u00fcney B\u00f6lgesi Elektrik \u00dcretim \u00dcnitelerini yak\u0131tla besleyen do\u011falgaz boru hatt\u0131n\u0131n silahl\u0131 ter\u00f6r gruplar\u0131 taraf\u0131ndan \u015eam k\u0131rsal\u0131 Ceyrud B\u00f6lgesinde sabote edilmesi nedeniyle \u00fcnitelerin hizmet d\u0131\u015f\u0131 kald\u0131klar\u0131n\u0131 s\u00f6yledi. Bakanl\u0131k yay\u0131nlad\u0131\u011f\u0131 beyanda, s\u00f6z konusu \u00fcnitelerin hizmet d\u0131\u015f\u0131 kalmas\u0131n\u0131n g\u00fcney b\u00f6lgede elektrik kesintilerini artt\u0131rd\u0131\u011f\u0131n\u0131, Petrol ve Madeni Kaynaklar Bakanl\u0131\u011f\u0131n\u0131n sabote edilen &hellip;<\/p>\n","protected":false},"author":1,"featured_media":4778,"comment_status":"closed","ping_status":"closed","sticky":false,"template":"","format":"standard","meta":{"footnotes":""},"categories":[575],"tags":[1035],"class_list":["post-4777","post","type-post","status-publish","format-standard","has-post-thumbnail","","category-olaylar-ve-gercekler","tag-yakit-ikmalinin-teroristlerce-kesilmesi-elektrik-kesintisine-yol-acti"],"_links":{"self":[{"href":"https:\/\/archive.sana.sy\/tr\/index.php?rest_route=\/wp\/v2\/posts\/4777","targetHints":{"allow":["GET"]}}],"collection":[{"href":"https:\/\/archive.sana.sy\/tr\/index.php?rest_route=\/wp\/v2\/posts"}],"about":[{"href":"https:\/\/archive.sana.sy\/tr\/index.php?rest_route=\/wp\/v2\/types\/post"}],"author":[{"embeddable":true,"href":"https:\/\/archive.sana.sy\/tr\/index.php?rest_route=\/wp\/v2\/users\/1"}],"replies":[{"embeddable":true,"href":"https:\/\/archive.sana.sy\/tr\/index.php?rest_route=%2Fwp%2Fv2%2Fcomments&post=4777"}],"version-history":[{"count":0,"href":"https:\/\/archive.sana.sy\/tr\/index.php?rest_route=\/wp\/v2\/posts\/4777\/revisions"}],"wp:featuredmedia":[{"embeddable":true,"href":"https:\/\/archive.sana.sy\/tr\/index.php?rest_route=\/wp\/v2\/media\/4778"}],"wp:attachment":[{"href":"https:\/\/archive.sana.sy\/tr\/index.php?rest_route=%2Fwp%2Fv2%2Fmedia&parent=4777"}],"wp:term":[{"taxonomy":"category","embeddable":true,"href":"https:\/\/archive.sana.sy\/tr\/index.php?rest_route=%2Fwp%2Fv2%2Fcategories&post=4777"},{"taxonomy":"post_tag","embeddable":true,"href":"https:\/\/archive.sana.sy\/tr\/index.php?rest_route=%2Fwp%2Fv2%2Ftags&post=4777"}],"curies":[{"name":"wp","href":"https:\/\/api.w.org\/{rel}","templated":true}]}}