{"id":4787,"date":"2014-07-07T14:57:29","date_gmt":"2014-07-07T11:57:29","guid":{"rendered":"http:\/\/www.sana.sy\/tr\/?p=4787"},"modified":"2014-07-07T14:57:29","modified_gmt":"2014-07-07T11:57:29","slug":"kanunsuz-islemlerinden-dolayi-2-sirkete-dava-acildi","status":"publish","type":"post","link":"https:\/\/archive.sana.sy\/tr\/?p=4787","title":{"rendered":"Kanunsuz \u0130\u015flemlerinden Dolay\u0131 2 \u015eirkete Dava A\u00e7\u0131ld\u0131"},"content":{"rendered":"<p>\u015eAM \u2013 Para Aklama ve Ter\u00f6r\u00fc Finanse Etmekle M\u00fccadele Komisyonu; yasa d\u0131\u015f\u0131 faaliyetlerde bulunmalar\u0131 nedeniyle Sultan D\u00f6viz \u015eirketi ve Ekspres Para havale \u015eriketine kar\u015f\u0131 ayr\u0131 ayr\u0131 iki dava a\u00e7t\u0131.<\/p>\n<p>Bu arada g\u00fcvenlik birimleri daha \u00f6nce; Suriye liras\u0131n\u0131n de\u011ferini sabote eden, para aklama yada karaborsada d\u00f6viz satma su\u00e7lar\u0131ndan dolay\u0131 bir\u00e7ok d\u00f6viz \u015firketine k\u0131rm\u0131z\u0131 m\u00fch\u00fcr vurmu\u015ftu.<\/p>\n","protected":false},"excerpt":{"rendered":"<p>\u015eAM \u2013 Para Aklama ve Ter\u00f6r\u00fc Finanse Etmekle M\u00fccadele Komisyonu; yasa d\u0131\u015f\u0131 faaliyetlerde bulunmalar\u0131 nedeniyle Sultan D\u00f6viz \u015eirketi ve Ekspres Para havale \u015eriketine kar\u015f\u0131 ayr\u0131 ayr\u0131 iki dava a\u00e7t\u0131. Bu arada g\u00fcvenlik birimleri daha \u00f6nce; Suriye liras\u0131n\u0131n de\u011ferini sabote eden, para aklama yada karaborsada d\u00f6viz satma su\u00e7lar\u0131ndan dolay\u0131 bir\u00e7ok d\u00f6viz \u015firketine k\u0131rm\u0131z\u0131 m\u00fch\u00fcr vurmu\u015ftu.<\/p>\n","protected":false},"author":1,"featured_media":4788,"comment_status":"closed","ping_status":"closed","sticky":false,"template":"","format":"standard","meta":{"footnotes":""},"categories":[485,486],"tags":[1038],"class_list":["post-4787","post","type-post","status-publish","format-standard","has-post-thumbnail","","category-is-ve-sermaye","category-haberler-is-ve-sermaye","tag-kanunsuz-islemlerinden-dolayi-2-sirkete-dava-acildi"],"_links":{"self":[{"href":"https:\/\/archive.sana.sy\/tr\/index.php?rest_route=\/wp\/v2\/posts\/4787","targetHints":{"allow":["GET"]}}],"collection":[{"href":"https:\/\/archive.sana.sy\/tr\/index.php?rest_route=\/wp\/v2\/posts"}],"about":[{"href":"https:\/\/archive.sana.sy\/tr\/index.php?rest_route=\/wp\/v2\/types\/post"}],"author":[{"embeddable":true,"href":"https:\/\/archive.sana.sy\/tr\/index.php?rest_route=\/wp\/v2\/users\/1"}],"replies":[{"embeddable":true,"href":"https:\/\/archive.sana.sy\/tr\/index.php?rest_route=%2Fwp%2Fv2%2Fcomments&post=4787"}],"version-history":[{"count":0,"href":"https:\/\/archive.sana.sy\/tr\/index.php?rest_route=\/wp\/v2\/posts\/4787\/revisions"}],"wp:featuredmedia":[{"embeddable":true,"href":"https:\/\/archive.sana.sy\/tr\/index.php?rest_route=\/wp\/v2\/media\/4788"}],"wp:attachment":[{"href":"https:\/\/archive.sana.sy\/tr\/index.php?rest_route=%2Fwp%2Fv2%2Fmedia&parent=4787"}],"wp:term":[{"taxonomy":"category","embeddable":true,"href":"https:\/\/archive.sana.sy\/tr\/index.php?rest_route=%2Fwp%2Fv2%2Fcategories&post=4787"},{"taxonomy":"post_tag","embeddable":true,"href":"https:\/\/archive.sana.sy\/tr\/index.php?rest_route=%2Fwp%2Fv2%2Ftags&post=4787"}],"curies":[{"name":"wp","href":"https:\/\/api.w.org\/{rel}","templated":true}]}}