{"id":47968,"date":"2015-09-26T15:43:08","date_gmt":"2015-09-26T12:43:08","guid":{"rendered":"http:\/\/www.sana.sy\/tr\/?p=47968"},"modified":"2015-09-26T15:43:08","modified_gmt":"2015-09-26T12:43:08","slug":"dunya-kupasi-elemelerine-hazirliklarini-surduruyor","status":"publish","type":"post","link":"https:\/\/archive.sana.sy\/tr\/?p=47968","title":{"rendered":"D\u00fcnya Kupas\u0131 Elemelerine Haz\u0131rl\u0131klar\u0131n\u0131 S\u00fcrd\u00fcr\u00fcyor"},"content":{"rendered":"<p>\u015eAM \u2013 Gen\u00e7 milli futbol tak\u0131m\u0131m\u0131z \u015eili&#8217;de oynanacak d\u00fcnya kupas\u0131 elemelerine haz\u0131rl\u0131klar\u0131n\u0131 s\u00fcrd\u00fcr\u00fcyor.<\/p>\n<p>Milli tak\u0131m bu ama\u00e7la \u015eam\u2019da bulundu\u011fu idman kamp\u0131 faaliyetlerini Olimpiyat Tak\u0131m\u0131 ile bir dostluk ma\u00e7\u0131 oynad\u0131. Te\u015frin Stadyumunda oynanan ma\u00e7ta gen\u00e7 milli tak\u0131m\u0131m\u0131z ma\u00e7\u0131 3-1 kaybetti.<\/p>\n<p>Tak\u0131m oyuncular\u0131 \u015eam kamp\u0131ndan \u00f6nce Rusya\u2019da idman kamp\u0131na kat\u0131lm\u0131\u015f orada iki dostluk ma\u00e7\u0131 oynam\u0131\u015ft\u0131.<\/p>\n<p>D\u00fcnya kupas\u0131 eleme ma\u00e7lar\u0131nda milli tak\u0131m\u0131m\u0131z Paraguay, Yeni Zelanda ve Fransa\u2019y\u0131 kapsayan alt\u0131nc\u0131 grupta oynayacak.<\/p>\n","protected":false},"excerpt":{"rendered":"<p>\u015eAM \u2013 Gen\u00e7 milli futbol tak\u0131m\u0131m\u0131z \u015eili&#8217;de oynanacak d\u00fcnya kupas\u0131 elemelerine haz\u0131rl\u0131klar\u0131n\u0131 s\u00fcrd\u00fcr\u00fcyor. Milli tak\u0131m bu ama\u00e7la \u015eam\u2019da bulundu\u011fu idman kamp\u0131 faaliyetlerini Olimpiyat Tak\u0131m\u0131 ile bir dostluk ma\u00e7\u0131 oynad\u0131. Te\u015frin Stadyumunda oynanan ma\u00e7ta gen\u00e7 milli tak\u0131m\u0131m\u0131z ma\u00e7\u0131 3-1 kaybetti. Tak\u0131m oyuncular\u0131 \u015eam kamp\u0131ndan \u00f6nce Rusya\u2019da idman kamp\u0131na kat\u0131lm\u0131\u015f orada iki dostluk ma\u00e7\u0131 oynam\u0131\u015ft\u0131. D\u00fcnya kupas\u0131 &hellip;<\/p>\n","protected":false},"author":1,"featured_media":47970,"comment_status":"closed","ping_status":"closed","sticky":false,"template":"","format":"standard","meta":{"footnotes":""},"categories":[498,496],"tags":[16916,16917],"class_list":["post-47968","post","type-post","status-publish","format-standard","has-post-thumbnail","","category-dunya-turnuvalari","category-spor","tag-dunya-kupasi-elemelerine-hazirliklarini-surduruyor","tag-sam-genc-milli-futbol-takimimiz-silide-oynanacak-dunya-kupasi-elemelerine-hazirliklarini-surduruyor"],"_links":{"self":[{"href":"https:\/\/archive.sana.sy\/tr\/index.php?rest_route=\/wp\/v2\/posts\/47968","targetHints":{"allow":["GET"]}}],"collection":[{"href":"https:\/\/archive.sana.sy\/tr\/index.php?rest_route=\/wp\/v2\/posts"}],"about":[{"href":"https:\/\/archive.sana.sy\/tr\/index.php?rest_route=\/wp\/v2\/types\/post"}],"author":[{"embeddable":true,"href":"https:\/\/archive.sana.sy\/tr\/index.php?rest_route=\/wp\/v2\/users\/1"}],"replies":[{"embeddable":true,"href":"https:\/\/archive.sana.sy\/tr\/index.php?rest_route=%2Fwp%2Fv2%2Fcomments&post=47968"}],"version-history":[{"count":0,"href":"https:\/\/archive.sana.sy\/tr\/index.php?rest_route=\/wp\/v2\/posts\/47968\/revisions"}],"wp:featuredmedia":[{"embeddable":true,"href":"https:\/\/archive.sana.sy\/tr\/index.php?rest_route=\/wp\/v2\/media\/47970"}],"wp:attachment":[{"href":"https:\/\/archive.sana.sy\/tr\/index.php?rest_route=%2Fwp%2Fv2%2Fmedia&parent=47968"}],"wp:term":[{"taxonomy":"category","embeddable":true,"href":"https:\/\/archive.sana.sy\/tr\/index.php?rest_route=%2Fwp%2Fv2%2Fcategories&post=47968"},{"taxonomy":"post_tag","embeddable":true,"href":"https:\/\/archive.sana.sy\/tr\/index.php?rest_route=%2Fwp%2Fv2%2Ftags&post=47968"}],"curies":[{"name":"wp","href":"https:\/\/api.w.org\/{rel}","templated":true}]}}