{"id":47973,"date":"2015-09-26T13:12:35","date_gmt":"2015-09-26T10:12:35","guid":{"rendered":"http:\/\/www.sana.sy\/tr\/?p=47973"},"modified":"2015-09-26T15:45:53","modified_gmt":"2015-09-26T12:45:53","slug":"basbakan-vail-el-halaiki-bugun-sam-kirsali-adra-bolgesinde-cimento-fabrikasi-ve-cemraya-bolgesindeki-ayn-el-fica-su-unitesindeki-durumlari-inceledi","status":"publish","type":"post","link":"https:\/\/archive.sana.sy\/tr\/?p=47973","title":{"rendered":"Ba\u015fbakan Vail el Halaiki bug\u00fcn \u015eam k\u0131rsal\u0131 Adra B\u00f6lgesinde \u00c7imento Fabrikas\u0131 ve Cemraya B\u00f6lgesindeki Ayn el Fica Su \u00dcnitesindeki durumlar\u0131 inceledi"},"content":{"rendered":"<p>Ba\u015fbakan Vail el Halaiki bug\u00fcn \u015eam k\u0131rsal\u0131 Adra B\u00f6lgesinde \u00c7imento Fabrikas\u0131 ve Cemraya B\u00f6lgesindeki Ayn el Fica Su \u00dcnitesindeki durumlar\u0131 inceledi<\/p>\n","protected":false},"excerpt":{"rendered":"<p>Ba\u015fbakan Vail el Halaiki bug\u00fcn \u015eam k\u0131rsal\u0131 Adra B\u00f6lgesinde \u00c7imento Fabrikas\u0131 ve Cemraya B\u00f6lgesindeki Ayn el Fica Su \u00dcnitesindeki durumlar\u0131 inceledi<\/p>\n","protected":false},"author":1,"featured_media":0,"comment_status":"closed","ping_status":"closed","sticky":false,"template":"","format":"standard","meta":{"footnotes":""},"categories":[1],"tags":[],"class_list":["post-47973","post","type-post","status-publish","format-standard","","category-news-not-sorted"],"_links":{"self":[{"href":"https:\/\/archive.sana.sy\/tr\/index.php?rest_route=\/wp\/v2\/posts\/47973","targetHints":{"allow":["GET"]}}],"collection":[{"href":"https:\/\/archive.sana.sy\/tr\/index.php?rest_route=\/wp\/v2\/posts"}],"about":[{"href":"https:\/\/archive.sana.sy\/tr\/index.php?rest_route=\/wp\/v2\/types\/post"}],"author":[{"embeddable":true,"href":"https:\/\/archive.sana.sy\/tr\/index.php?rest_route=\/wp\/v2\/users\/1"}],"replies":[{"embeddable":true,"href":"https:\/\/archive.sana.sy\/tr\/index.php?rest_route=%2Fwp%2Fv2%2Fcomments&post=47973"}],"version-history":[{"count":0,"href":"https:\/\/archive.sana.sy\/tr\/index.php?rest_route=\/wp\/v2\/posts\/47973\/revisions"}],"wp:attachment":[{"href":"https:\/\/archive.sana.sy\/tr\/index.php?rest_route=%2Fwp%2Fv2%2Fmedia&parent=47973"}],"wp:term":[{"taxonomy":"category","embeddable":true,"href":"https:\/\/archive.sana.sy\/tr\/index.php?rest_route=%2Fwp%2Fv2%2Fcategories&post=47973"},{"taxonomy":"post_tag","embeddable":true,"href":"https:\/\/archive.sana.sy\/tr\/index.php?rest_route=%2Fwp%2Fv2%2Ftags&post=47973"}],"curies":[{"name":"wp","href":"https:\/\/api.w.org\/{rel}","templated":true}]}}