{"id":48020,"date":"2015-09-27T11:34:03","date_gmt":"2015-09-27T08:34:03","guid":{"rendered":"http:\/\/www.sana.sy\/tr\/?p=48020"},"modified":"2015-09-27T14:55:20","modified_gmt":"2015-09-27T11:55:20","slug":"suclamalar-savurmak-yerine-islam-aleminden-ozur-dilemeye-cagirdi","status":"publish","type":"post","link":"https:\/\/archive.sana.sy\/tr\/?p=48020","title":{"rendered":"Su\u00e7lamalar Savurmak Yerine \u0130slam Aleminden \u00d6z\u00fcr Dilemeye \u00c7a\u011f\u0131rd\u0131"},"content":{"rendered":"<p>TAHRAN \u2013 \u0130ran \u0130slam Devrimi M\u00fcr\u015fidi Seyit Ali Haminei Suudi Arabistan\u2019\u0131n Mina Kentinde hac\u0131lar aras\u0131nda meydana gelen \u2018facian\u0131n\u2019 sorumlulu\u011funu Suudi Arabistan krall\u0131k rejimine y\u00fckledi.<\/p>\n<p>Seyit Haminei bug\u00fcn f\u0131k\u0131h ilmi oturumunda yapt\u0131\u011f\u0131 konu\u015fmada Suudi krall\u0131k rejimini ba\u015fkalar\u0131na su\u00e7lamalar savurmak yerine ilk ba\u015fta kurbanlar\u0131n aileleri olmak \u00fczere t\u00fcm \u0130slam aleminden \u00f6z\u00fcr dilemelerine \u00e7a\u011f\u0131rd\u0131.<\/p>\n<p>\u0130ran Savunma Bakan\u0131 Tu\u011fgeneral H\u00fcseyin Dehkan ve \u0130ran Milli G\u00fcvenlik Y\u00fcksek Konseyi Ba\u015fkan\u0131 Ali \u015eemahani\u2019nin yan\u0131 s\u0131ra \u0130ran d\u0131\u015fi\u015fleri bakanl\u0131\u011f\u0131 da benzer a\u00e7\u0131klamalarda Suudi krall\u0131k rejimini olaydan sorumlu tutmu\u015flard\u0131.<\/p>\n<p>Hac\u0131lar aras\u0131ndaki izdihamda ya\u015fanan karga\u015fa ve iti\u015fmede 769 ki\u015fi \u00f6l\u00fc, 800\u2019den fazla ki\u015fi de yaral\u0131 d\u00fc\u015fm\u00fc\u015flerdi.<\/p>\n","protected":false},"excerpt":{"rendered":"<p>TAHRAN \u2013 \u0130ran \u0130slam Devrimi M\u00fcr\u015fidi Seyit Ali Haminei Suudi Arabistan\u2019\u0131n Mina Kentinde hac\u0131lar aras\u0131nda meydana gelen \u2018facian\u0131n\u2019 sorumlulu\u011funu Suudi Arabistan krall\u0131k rejimine y\u00fckledi. Seyit Haminei bug\u00fcn f\u0131k\u0131h ilmi oturumunda yapt\u0131\u011f\u0131 konu\u015fmada Suudi krall\u0131k rejimini ba\u015fkalar\u0131na su\u00e7lamalar savurmak yerine ilk ba\u015fta kurbanlar\u0131n aileleri olmak \u00fczere t\u00fcm \u0130slam aleminden \u00f6z\u00fcr dilemelerine \u00e7a\u011f\u0131rd\u0131. \u0130ran Savunma Bakan\u0131 Tu\u011fgeneral &hellip;<\/p>\n","protected":false},"author":1,"featured_media":48045,"comment_status":"closed","ping_status":"closed","sticky":false,"template":"","format":"standard","meta":{"footnotes":""},"categories":[458,459,447],"tags":[16927,16926,16925],"class_list":["post-48020","post","type-post","status-publish","format-standard","has-post-thumbnail","","category-dunya1","category-haberler-arap-uluslararasi-politika","category-politika","tag-800den-fazla-kisi-de-yarali-dusmuslerdi","tag-hacilar-arasindaki-izdihamda-yasanan-kargasa-ve-itismede-769-kisi-olu","tag-iran-islam-devrimi-mursidi-seyit-ali-haminei"],"_links":{"self":[{"href":"https:\/\/archive.sana.sy\/tr\/index.php?rest_route=\/wp\/v2\/posts\/48020","targetHints":{"allow":["GET"]}}],"collection":[{"href":"https:\/\/archive.sana.sy\/tr\/index.php?rest_route=\/wp\/v2\/posts"}],"about":[{"href":"https:\/\/archive.sana.sy\/tr\/index.php?rest_route=\/wp\/v2\/types\/post"}],"author":[{"embeddable":true,"href":"https:\/\/archive.sana.sy\/tr\/index.php?rest_route=\/wp\/v2\/users\/1"}],"replies":[{"embeddable":true,"href":"https:\/\/archive.sana.sy\/tr\/index.php?rest_route=%2Fwp%2Fv2%2Fcomments&post=48020"}],"version-history":[{"count":0,"href":"https:\/\/archive.sana.sy\/tr\/index.php?rest_route=\/wp\/v2\/posts\/48020\/revisions"}],"wp:featuredmedia":[{"embeddable":true,"href":"https:\/\/archive.sana.sy\/tr\/index.php?rest_route=\/wp\/v2\/media\/48045"}],"wp:attachment":[{"href":"https:\/\/archive.sana.sy\/tr\/index.php?rest_route=%2Fwp%2Fv2%2Fmedia&parent=48020"}],"wp:term":[{"taxonomy":"category","embeddable":true,"href":"https:\/\/archive.sana.sy\/tr\/index.php?rest_route=%2Fwp%2Fv2%2Fcategories&post=48020"},{"taxonomy":"post_tag","embeddable":true,"href":"https:\/\/archive.sana.sy\/tr\/index.php?rest_route=%2Fwp%2Fv2%2Ftags&post=48020"}],"curies":[{"name":"wp","href":"https:\/\/api.w.org\/{rel}","templated":true}]}}