{"id":48029,"date":"2015-09-27T10:10:55","date_gmt":"2015-09-27T07:10:55","guid":{"rendered":"http:\/\/www.sana.sy\/tr\/?p=48029"},"modified":"2015-09-27T13:56:49","modified_gmt":"2015-09-27T10:56:49","slug":"halep-kentinde-kerm-el-meyser-seyh-lutfi-amarya-birinci-rasidin-dorduncu-rasidin-beni-zeyd-sahur-ensari-bostan-el-kasir-salahaddin-bab-el-nasir-sukkari-ve-kadi-asker-semtlerinde-teroristler","status":"publish","type":"post","link":"https:\/\/archive.sana.sy\/tr\/?p=48029","title":{"rendered":"Halep Kentinde Kerm el Meyser, \u015eeyh Lutfi, Amarya, Birinci Ra\u015fidin, D\u00f6rd\u00fcnc\u00fc Ra\u015fidin, Beni Zeyd, Sahur, Ensari, Bostan el Kas\u0131r, Salahaddin, Bab el Nas\u0131r, S\u00fckkari ve Kad\u0131 Asker semtlerinde ter\u00f6ristlerin yuvalanma noktalar\u0131n\u0131n hedef al\u0131nd\u0131\u011f\u0131n\u0131 dile getiren kaynak, buralarda da ihvanc\u0131 Erdo\u011fan rejimine ba\u011fl\u0131 ter\u00f6ristlere b\u00fcy\u00fck be\u015feri ve lojistik kay\u0131plar verdirildi\u011fini vurgulad\u0131."},"content":{"rendered":"<p>Halep Kentinde Kerm el Meyser, \u015eeyh Lutfi, Amarya, Birinci Ra\u015fidin, D\u00f6rd\u00fcnc\u00fc Ra\u015fidin, Beni Zeyd, Sahur, Ensari, Bostan el Kas\u0131r, Salahaddin, Bab el Nas\u0131r, S\u00fckkari ve Kad\u0131 Asker semtlerinde ter\u00f6ristlerin yuvalanma noktalar\u0131n\u0131n hedef al\u0131nd\u0131\u011f\u0131n\u0131 dile getiren kaynak, buralarda da ihvanc\u0131 Erdo\u011fan rejimine ba\u011fl\u0131 ter\u00f6ristlere b\u00fcy\u00fck be\u015feri ve lojistik kay\u0131plar verdirildi\u011fini vurgulad\u0131.<\/p>\n","protected":false},"excerpt":{"rendered":"<p>Halep Kentinde Kerm el Meyser, \u015eeyh Lutfi, Amarya, Birinci Ra\u015fidin, D\u00f6rd\u00fcnc\u00fc Ra\u015fidin, Beni Zeyd, Sahur, Ensari, Bostan el Kas\u0131r, Salahaddin, Bab el Nas\u0131r, S\u00fckkari ve Kad\u0131 Asker semtlerinde ter\u00f6ristlerin yuvalanma noktalar\u0131n\u0131n hedef al\u0131nd\u0131\u011f\u0131n\u0131 dile getiren kaynak, buralarda da ihvanc\u0131 Erdo\u011fan rejimine ba\u011fl\u0131 ter\u00f6ristlere b\u00fcy\u00fck be\u015feri ve lojistik kay\u0131plar verdirildi\u011fini vurgulad\u0131.<\/p>\n","protected":false},"author":1,"featured_media":0,"comment_status":"closed","ping_status":"closed","sticky":false,"template":"","format":"standard","meta":{"footnotes":""},"categories":[1],"tags":[],"class_list":["post-48029","post","type-post","status-publish","format-standard","","category-news-not-sorted"],"_links":{"self":[{"href":"https:\/\/archive.sana.sy\/tr\/index.php?rest_route=\/wp\/v2\/posts\/48029","targetHints":{"allow":["GET"]}}],"collection":[{"href":"https:\/\/archive.sana.sy\/tr\/index.php?rest_route=\/wp\/v2\/posts"}],"about":[{"href":"https:\/\/archive.sana.sy\/tr\/index.php?rest_route=\/wp\/v2\/types\/post"}],"author":[{"embeddable":true,"href":"https:\/\/archive.sana.sy\/tr\/index.php?rest_route=\/wp\/v2\/users\/1"}],"replies":[{"embeddable":true,"href":"https:\/\/archive.sana.sy\/tr\/index.php?rest_route=%2Fwp%2Fv2%2Fcomments&post=48029"}],"version-history":[{"count":0,"href":"https:\/\/archive.sana.sy\/tr\/index.php?rest_route=\/wp\/v2\/posts\/48029\/revisions"}],"wp:attachment":[{"href":"https:\/\/archive.sana.sy\/tr\/index.php?rest_route=%2Fwp%2Fv2%2Fmedia&parent=48029"}],"wp:term":[{"taxonomy":"category","embeddable":true,"href":"https:\/\/archive.sana.sy\/tr\/index.php?rest_route=%2Fwp%2Fv2%2Fcategories&post=48029"},{"taxonomy":"post_tag","embeddable":true,"href":"https:\/\/archive.sana.sy\/tr\/index.php?rest_route=%2Fwp%2Fv2%2Ftags&post=48029"}],"curies":[{"name":"wp","href":"https:\/\/api.w.org\/{rel}","templated":true}]}}