{"id":4803,"date":"2014-07-07T16:50:50","date_gmt":"2014-07-07T13:50:50","guid":{"rendered":"http:\/\/www.sana.sy\/tr\/?p=4803"},"modified":"2014-07-08T15:22:04","modified_gmt":"2014-07-08T12:22:04","slug":"ramazan-kandilleri-turistik-faaliyetleri-basladi","status":"publish","type":"post","link":"https:\/\/archive.sana.sy\/tr\/?p=4803","title":{"rendered":"\u2018Ramazan Kandilleri\u2019 Turistik Faaliyetleri Ba\u015flad\u0131"},"content":{"rendered":"<p>\u015eAM \u2013 Turizm bakanl\u0131\u011f\u0131 bug\u00fcn \u015eam\u2019\u0131n eski semtlerinde yer alan antik Asaad Pa\u015fa Han\u0131nda; \u2018Ramazan Kandilleri\u2019 slogan\u0131 alt\u0131nda turistik etkinlikler ba\u015flatt\u0131.<\/p>\n<p>M\u00fcbarek Ramazan ay\u0131 m\u00fcnasebetiyle d\u00fczenlenen turizm etkinliklerinde yurti\u00e7i turizm ve \u00e7ocuk faaliyetlerinin etkinle\u015ftirilmesini ama\u00e7l\u0131yor.<\/p>\n<p>\u015eehit ve ter\u00f6r eylemleri nedeniyle tehcir edilen ailelerin \u00e7ocuklar\u0131na ek olarak eski \u015eam semtlerinden \u00e7ocuklar\u0131n kat\u0131ld\u0131klar\u0131 etkinliklerde Ecyal \u00c7ocuk Ekibinin sanatsal sunumlar\u0131, \u00e7zgi film karakterlerinin sunumlar\u0131, karton kandiller yapma ve y\u00fcz \u00fczerinde resim etkinlikleri yer al\u0131rken \u00e7ocuklara da folklorik tatl\u0131 t\u00fcrleri takdim edildi.<\/p>\n<p>Faaliyet organizat\u00f6r\u00fc Visam \u015eahhut; t\u00fcm bu etkinliklerden temel amac\u0131n, \u00f6zellikle mevcut ko\u015fullar i\u00e7inde \u00e7ocuklar\u0131n y\u00fczlerine tebess\u00fcm\u00fc resmetmek oldu\u011funu s\u00f6yledi.<\/p>\n<p>\u015eam \u0130l Turizm M\u00fcd\u00fcr\u00fc Mey Salih ise \u015eam\u2019\u0131n antik b\u00f6lgelerinin bir \u00e7o\u011funda d\u00fczenlenen turizm etkinlikleri kapsam\u0131nda d\u00fczenlenen bu faaliyetlerin; bu tarihi yerleri tan\u0131tmakla birlikte Suriye ve Suriyelilerin derin k\u00f6klere dayal\u0131 asil tarihine \u0131\u015f\u0131k tutmay\u0131 ama\u00e7lad\u0131\u011f\u0131n\u0131 ifade etti.<\/p>\n<div id='gallery-1' class='gallery galleryid-4803 gallery-columns-2 gallery-size-thumbnail'><figure class='gallery-item'>\n\t\t\t<div class='gallery-icon landscape'>\n\t\t\t\t<a href='https:\/\/archive.sana.sy\/tr\/wp-content\/uploads\/2014\/07\/Ramazan-kandilleri-2.jpg'><img loading=\"lazy\" decoding=\"async\" width=\"150\" height=\"79\" src=\"https:\/\/archive.sana.sy\/tr\/wp-content\/uploads\/2014\/07\/Ramazan-kandilleri-2-150x79.jpg\" class=\"attachment-thumbnail size-thumbnail\" alt=\"\" srcset=\"https:\/\/archive.sana.sy\/tr\/wp-content\/uploads\/2014\/07\/Ramazan-kandilleri-2-150x79.jpg 150w, https:\/\/archive.sana.sy\/tr\/wp-content\/uploads\/2014\/07\/Ramazan-kandilleri-2-300x160.jpg 300w, https:\/\/archive.sana.sy\/tr\/wp-content\/uploads\/2014\/07\/Ramazan-kandilleri-2.jpg 620w\" sizes=\"auto, (max-width: 150px) 100vw, 150px\" \/><\/a>\n\t\t\t<\/div><\/figure><figure class='gallery-item'>\n\t\t\t<div class='gallery-icon landscape'>\n\t\t\t\t<a href='https:\/\/archive.sana.sy\/tr\/wp-content\/uploads\/2014\/07\/Ramazan-kandilleri-3.jpg'><img loading=\"lazy\" decoding=\"async\" width=\"150\" height=\"79\" src=\"https:\/\/archive.sana.sy\/tr\/wp-content\/uploads\/2014\/07\/Ramazan-kandilleri-3-150x79.jpg\" class=\"attachment-thumbnail size-thumbnail\" alt=\"\" srcset=\"https:\/\/archive.sana.sy\/tr\/wp-content\/uploads\/2014\/07\/Ramazan-kandilleri-3-150x79.jpg 150w, https:\/\/archive.sana.sy\/tr\/wp-content\/uploads\/2014\/07\/Ramazan-kandilleri-3-300x160.jpg 300w, https:\/\/archive.sana.sy\/tr\/wp-content\/uploads\/2014\/07\/Ramazan-kandilleri-3.jpg 620w\" sizes=\"auto, (max-width: 150px) 100vw, 150px\" \/><\/a>\n\t\t\t<\/div><\/figure><figure class='gallery-item'>\n\t\t\t<div class='gallery-icon landscape'>\n\t\t\t\t<a href='https:\/\/archive.sana.sy\/tr\/wp-content\/uploads\/2014\/07\/Ramazan-kandilleri-4.jpg'><img loading=\"lazy\" decoding=\"async\" width=\"150\" height=\"79\" src=\"https:\/\/archive.sana.sy\/tr\/wp-content\/uploads\/2014\/07\/Ramazan-kandilleri-4-150x79.jpg\" class=\"attachment-thumbnail size-thumbnail\" alt=\"\" srcset=\"https:\/\/archive.sana.sy\/tr\/wp-content\/uploads\/2014\/07\/Ramazan-kandilleri-4-150x79.jpg 150w, https:\/\/archive.sana.sy\/tr\/wp-content\/uploads\/2014\/07\/Ramazan-kandilleri-4-300x160.jpg 300w, https:\/\/archive.sana.sy\/tr\/wp-content\/uploads\/2014\/07\/Ramazan-kandilleri-4.jpg 620w\" sizes=\"auto, (max-width: 150px) 100vw, 150px\" \/><\/a>\n\t\t\t<\/div><\/figure><figure class='gallery-item'>\n\t\t\t<div class='gallery-icon landscape'>\n\t\t\t\t<a href='https:\/\/archive.sana.sy\/tr\/wp-content\/uploads\/2014\/07\/Ramazan-kandilleri-5.jpg'><img loading=\"lazy\" decoding=\"async\" width=\"150\" height=\"79\" src=\"https:\/\/archive.sana.sy\/tr\/wp-content\/uploads\/2014\/07\/Ramazan-kandilleri-5-150x79.jpg\" class=\"attachment-thumbnail size-thumbnail\" alt=\"\" srcset=\"https:\/\/archive.sana.sy\/tr\/wp-content\/uploads\/2014\/07\/Ramazan-kandilleri-5-150x79.jpg 150w, https:\/\/archive.sana.sy\/tr\/wp-content\/uploads\/2014\/07\/Ramazan-kandilleri-5-300x160.jpg 300w, https:\/\/archive.sana.sy\/tr\/wp-content\/uploads\/2014\/07\/Ramazan-kandilleri-5.jpg 620w\" sizes=\"auto, (max-width: 150px) 100vw, 150px\" \/><\/a>\n\t\t\t<\/div><\/figure><figure class='gallery-item'>\n\t\t\t<div class='gallery-icon landscape'>\n\t\t\t\t<a href='https:\/\/archive.sana.sy\/tr\/wp-content\/uploads\/2014\/07\/Ramazan-kandilleri-6.jpg'><img loading=\"lazy\" decoding=\"async\" width=\"150\" height=\"79\" src=\"https:\/\/archive.sana.sy\/tr\/wp-content\/uploads\/2014\/07\/Ramazan-kandilleri-6-150x79.jpg\" class=\"attachment-thumbnail size-thumbnail\" alt=\"\" srcset=\"https:\/\/archive.sana.sy\/tr\/wp-content\/uploads\/2014\/07\/Ramazan-kandilleri-6-150x79.jpg 150w, https:\/\/archive.sana.sy\/tr\/wp-content\/uploads\/2014\/07\/Ramazan-kandilleri-6-300x160.jpg 300w, https:\/\/archive.sana.sy\/tr\/wp-content\/uploads\/2014\/07\/Ramazan-kandilleri-6.jpg 620w\" sizes=\"auto, (max-width: 150px) 100vw, 150px\" \/><\/a>\n\t\t\t<\/div><\/figure><figure class='gallery-item'>\n\t\t\t<div class='gallery-icon landscape'>\n\t\t\t\t<a href='https:\/\/archive.sana.sy\/tr\/wp-content\/uploads\/2014\/07\/Ramazan-kandilleri-7.jpg'><img loading=\"lazy\" decoding=\"async\" width=\"150\" height=\"79\" src=\"https:\/\/archive.sana.sy\/tr\/wp-content\/uploads\/2014\/07\/Ramazan-kandilleri-7-150x79.jpg\" class=\"attachment-thumbnail size-thumbnail\" alt=\"\" srcset=\"https:\/\/archive.sana.sy\/tr\/wp-content\/uploads\/2014\/07\/Ramazan-kandilleri-7-150x79.jpg 150w, https:\/\/archive.sana.sy\/tr\/wp-content\/uploads\/2014\/07\/Ramazan-kandilleri-7-300x160.jpg 300w, https:\/\/archive.sana.sy\/tr\/wp-content\/uploads\/2014\/07\/Ramazan-kandilleri-7.jpg 620w\" sizes=\"auto, (max-width: 150px) 100vw, 150px\" \/><\/a>\n\t\t\t<\/div><\/figure><figure class='gallery-item'>\n\t\t\t<div class='gallery-icon landscape'>\n\t\t\t\t<a href='https:\/\/archive.sana.sy\/tr\/wp-content\/uploads\/2014\/07\/Ramazan-kandilleri-8.jpg'><img loading=\"lazy\" decoding=\"async\" width=\"150\" height=\"100\" src=\"https:\/\/archive.sana.sy\/tr\/wp-content\/uploads\/2014\/07\/Ramazan-kandilleri-8-150x100.jpg\" class=\"attachment-thumbnail size-thumbnail\" alt=\"\" srcset=\"https:\/\/archive.sana.sy\/tr\/wp-content\/uploads\/2014\/07\/Ramazan-kandilleri-8-150x100.jpg 150w, https:\/\/archive.sana.sy\/tr\/wp-content\/uploads\/2014\/07\/Ramazan-kandilleri-8-300x201.jpg 300w, https:\/\/archive.sana.sy\/tr\/wp-content\/uploads\/2014\/07\/Ramazan-kandilleri-8.jpg 400w\" sizes=\"auto, (max-width: 150px) 100vw, 150px\" \/><\/a>\n\t\t\t<\/div><\/figure><figure class='gallery-item'>\n\t\t\t<div class='gallery-icon landscape'>\n\t\t\t\t<a href='https:\/\/archive.sana.sy\/tr\/wp-content\/uploads\/2014\/07\/Ramazan-kandilleri-11.jpg'><img loading=\"lazy\" decoding=\"async\" width=\"150\" height=\"79\" src=\"https:\/\/archive.sana.sy\/tr\/wp-content\/uploads\/2014\/07\/Ramazan-kandilleri-11-150x79.jpg\" class=\"attachment-thumbnail size-thumbnail\" alt=\"\" srcset=\"https:\/\/archive.sana.sy\/tr\/wp-content\/uploads\/2014\/07\/Ramazan-kandilleri-11-150x79.jpg 150w, https:\/\/archive.sana.sy\/tr\/wp-content\/uploads\/2014\/07\/Ramazan-kandilleri-11-300x160.jpg 300w, https:\/\/archive.sana.sy\/tr\/wp-content\/uploads\/2014\/07\/Ramazan-kandilleri-11.jpg 620w\" sizes=\"auto, (max-width: 150px) 100vw, 150px\" \/><\/a>\n\t\t\t<\/div><\/figure>\n\t\t<\/div>\n\n","protected":false},"excerpt":{"rendered":"<p>\u015eAM \u2013 Turizm bakanl\u0131\u011f\u0131 bug\u00fcn \u015eam\u2019\u0131n eski semtlerinde yer alan antik Asaad Pa\u015fa Han\u0131nda; \u2018Ramazan Kandilleri\u2019 slogan\u0131 alt\u0131nda turistik etkinlikler ba\u015flatt\u0131. M\u00fcbarek Ramazan ay\u0131 m\u00fcnasebetiyle d\u00fczenlenen turizm etkinliklerinde yurti\u00e7i turizm ve \u00e7ocuk faaliyetlerinin etkinle\u015ftirilmesini ama\u00e7l\u0131yor. \u015eehit ve ter\u00f6r eylemleri nedeniyle tehcir edilen ailelerin \u00e7ocuklar\u0131na ek olarak eski \u015eam semtlerinden \u00e7ocuklar\u0131n kat\u0131ld\u0131klar\u0131 etkinliklerde Ecyal \u00c7ocuk Ekibinin &hellip;<\/p>\n","protected":false},"author":1,"featured_media":4804,"comment_status":"closed","ping_status":"closed","sticky":false,"template":"","format":"standard","meta":{"footnotes":""},"categories":[596,526,516,511,525,538],"tags":[1044],"class_list":["post-4803","post","type-post","status-publish","format-standard","has-post-thumbnail","","category-fotografli-raporlar","category-haber-ve-raporlar","category-haberler-kultur-ve-sanat","category-kultur-ve-sanat","category-toplum","category-yasam","tag-ramazan-kandilleri-turistik-faaliyetleri-basladi"],"_links":{"self":[{"href":"https:\/\/archive.sana.sy\/tr\/index.php?rest_route=\/wp\/v2\/posts\/4803","targetHints":{"allow":["GET"]}}],"collection":[{"href":"https:\/\/archive.sana.sy\/tr\/index.php?rest_route=\/wp\/v2\/posts"}],"about":[{"href":"https:\/\/archive.sana.sy\/tr\/index.php?rest_route=\/wp\/v2\/types\/post"}],"author":[{"embeddable":true,"href":"https:\/\/archive.sana.sy\/tr\/index.php?rest_route=\/wp\/v2\/users\/1"}],"replies":[{"embeddable":true,"href":"https:\/\/archive.sana.sy\/tr\/index.php?rest_route=%2Fwp%2Fv2%2Fcomments&post=4803"}],"version-history":[{"count":0,"href":"https:\/\/archive.sana.sy\/tr\/index.php?rest_route=\/wp\/v2\/posts\/4803\/revisions"}],"wp:featuredmedia":[{"embeddable":true,"href":"https:\/\/archive.sana.sy\/tr\/index.php?rest_route=\/wp\/v2\/media\/4804"}],"wp:attachment":[{"href":"https:\/\/archive.sana.sy\/tr\/index.php?rest_route=%2Fwp%2Fv2%2Fmedia&parent=4803"}],"wp:term":[{"taxonomy":"category","embeddable":true,"href":"https:\/\/archive.sana.sy\/tr\/index.php?rest_route=%2Fwp%2Fv2%2Fcategories&post=4803"},{"taxonomy":"post_tag","embeddable":true,"href":"https:\/\/archive.sana.sy\/tr\/index.php?rest_route=%2Fwp%2Fv2%2Ftags&post=4803"}],"curies":[{"name":"wp","href":"https:\/\/api.w.org\/{rel}","templated":true}]}}