{"id":48034,"date":"2015-09-27T10:30:01","date_gmt":"2015-09-27T07:30:01","guid":{"rendered":"http:\/\/www.sana.sy\/tr\/?p=48034"},"modified":"2015-09-27T13:57:40","modified_gmt":"2015-09-27T10:57:40","slug":"ordu-birliklerimizin-dera-ve-kirsalinda-israile-bagli-nusra-cephesi-teroristlerine-de-buyuk-kayiplar-verdirdigine-dikkat-ceken-kaynak-dera-kirsalinin-kuzey-kesiminde-yer-alan-tel-el-mal-bolg","status":"publish","type":"post","link":"https:\/\/archive.sana.sy\/tr\/?p=48034","title":{"rendered":"Ordu birliklerimizin Dera ve k\u0131rsal\u0131nda \u0130srail\u2019e ba\u011fl\u0131 Nusra Cephesi ter\u00f6ristlerine de b\u00fcy\u00fck kay\u0131plar verdirdi\u011fine dikkat \u00e7eken kaynak, Dera K\u0131rsal\u0131n\u0131n kuzey kesiminde yer alan Tel el Mal b\u00f6lgesi yak\u0131nlar\u0131nda hareket etti\u011fi tespit edilen bir ter\u00f6r grubunun havadan hedef al\u0131nmas\u0131 sonucu havzas\u0131nda bulunan silah ve m\u00fchimmatla birlikte yok edildi\u011fini belirtti."},"content":{"rendered":"<p>Ordu birliklerimizin Dera ve k\u0131rsal\u0131nda \u0130srail\u2019e ba\u011fl\u0131 Nusra Cephesi ter\u00f6ristlerine de b\u00fcy\u00fck kay\u0131plar verdirdi\u011fine dikkat \u00e7eken kaynak, Dera K\u0131rsal\u0131n\u0131n kuzey kesiminde yer alan Tel el Mal b\u00f6lgesi yak\u0131nlar\u0131nda hareket etti\u011fi tespit edilen bir ter\u00f6r grubunun havadan hedef al\u0131nmas\u0131 sonucu havzas\u0131nda bulunan silah ve m\u00fchimmatla birlikte yok edildi\u011fini belirtti.<\/p>\n","protected":false},"excerpt":{"rendered":"<p>Ordu birliklerimizin Dera ve k\u0131rsal\u0131nda \u0130srail\u2019e ba\u011fl\u0131 Nusra Cephesi ter\u00f6ristlerine de b\u00fcy\u00fck kay\u0131plar verdirdi\u011fine dikkat \u00e7eken kaynak, Dera K\u0131rsal\u0131n\u0131n kuzey kesiminde yer alan Tel el Mal b\u00f6lgesi yak\u0131nlar\u0131nda hareket etti\u011fi tespit edilen bir ter\u00f6r grubunun havadan hedef al\u0131nmas\u0131 sonucu havzas\u0131nda bulunan silah ve m\u00fchimmatla birlikte yok edildi\u011fini belirtti.<\/p>\n","protected":false},"author":1,"featured_media":0,"comment_status":"closed","ping_status":"closed","sticky":false,"template":"","format":"standard","meta":{"footnotes":""},"categories":[1],"tags":[],"class_list":["post-48034","post","type-post","status-publish","format-standard","","category-news-not-sorted"],"_links":{"self":[{"href":"https:\/\/archive.sana.sy\/tr\/index.php?rest_route=\/wp\/v2\/posts\/48034","targetHints":{"allow":["GET"]}}],"collection":[{"href":"https:\/\/archive.sana.sy\/tr\/index.php?rest_route=\/wp\/v2\/posts"}],"about":[{"href":"https:\/\/archive.sana.sy\/tr\/index.php?rest_route=\/wp\/v2\/types\/post"}],"author":[{"embeddable":true,"href":"https:\/\/archive.sana.sy\/tr\/index.php?rest_route=\/wp\/v2\/users\/1"}],"replies":[{"embeddable":true,"href":"https:\/\/archive.sana.sy\/tr\/index.php?rest_route=%2Fwp%2Fv2%2Fcomments&post=48034"}],"version-history":[{"count":0,"href":"https:\/\/archive.sana.sy\/tr\/index.php?rest_route=\/wp\/v2\/posts\/48034\/revisions"}],"wp:attachment":[{"href":"https:\/\/archive.sana.sy\/tr\/index.php?rest_route=%2Fwp%2Fv2%2Fmedia&parent=48034"}],"wp:term":[{"taxonomy":"category","embeddable":true,"href":"https:\/\/archive.sana.sy\/tr\/index.php?rest_route=%2Fwp%2Fv2%2Fcategories&post=48034"},{"taxonomy":"post_tag","embeddable":true,"href":"https:\/\/archive.sana.sy\/tr\/index.php?rest_route=%2Fwp%2Fv2%2Ftags&post=48034"}],"curies":[{"name":"wp","href":"https:\/\/api.w.org\/{rel}","templated":true}]}}