{"id":48037,"date":"2015-09-27T10:45:30","date_gmt":"2015-09-27T07:45:30","guid":{"rendered":"http:\/\/www.sana.sy\/tr\/?p=48037"},"modified":"2015-09-27T13:58:12","modified_gmt":"2015-09-27T10:58:12","slug":"dera-beledte-elektrik-sirketi-binasinin-dogusunda-ordu-birliklerimiz-ile-nusra-cephesine-bagli-teroristler-arasinda-bir-catisma-meydana-geldigini-ifade-eden-kaynak-catismada-bircok-teroristi","status":"publish","type":"post","link":"https:\/\/archive.sana.sy\/tr\/?p=48037","title":{"rendered":"Dera Beled\u2019te Elektrik \u015eirketi Binas\u0131n\u0131n do\u011fusunda ordu birliklerimiz ile Nusra Cephesine ba\u011fl\u0131 ter\u00f6ristler aras\u0131nda bir \u00e7at\u0131\u015fma meydana geldi\u011fini ifade eden kaynak; \u00e7at\u0131\u015fmada bir\u00e7ok ter\u00f6ristin \u00f6l\u00fc ve yaral\u0131 olarak ele ge\u00e7irildi\u011fini aktard\u0131."},"content":{"rendered":"<p>Dera Beled\u2019te Elektrik \u015eirketi Binas\u0131n\u0131n do\u011fusunda ordu birliklerimiz ile Nusra Cephesine ba\u011fl\u0131 ter\u00f6ristler aras\u0131nda bir \u00e7at\u0131\u015fma meydana geldi\u011fini ifade eden kaynak; \u00e7at\u0131\u015fmada bir\u00e7ok ter\u00f6ristin \u00f6l\u00fc ve yaral\u0131 olarak ele ge\u00e7irildi\u011fini aktard\u0131.<\/p>\n","protected":false},"excerpt":{"rendered":"<p>Dera Beled\u2019te Elektrik \u015eirketi Binas\u0131n\u0131n do\u011fusunda ordu birliklerimiz ile Nusra Cephesine ba\u011fl\u0131 ter\u00f6ristler aras\u0131nda bir \u00e7at\u0131\u015fma meydana geldi\u011fini ifade eden kaynak; \u00e7at\u0131\u015fmada bir\u00e7ok ter\u00f6ristin \u00f6l\u00fc ve yaral\u0131 olarak ele ge\u00e7irildi\u011fini aktard\u0131.<\/p>\n","protected":false},"author":1,"featured_media":0,"comment_status":"closed","ping_status":"closed","sticky":false,"template":"","format":"standard","meta":{"footnotes":""},"categories":[1],"tags":[],"class_list":["post-48037","post","type-post","status-publish","format-standard","","category-news-not-sorted"],"_links":{"self":[{"href":"https:\/\/archive.sana.sy\/tr\/index.php?rest_route=\/wp\/v2\/posts\/48037","targetHints":{"allow":["GET"]}}],"collection":[{"href":"https:\/\/archive.sana.sy\/tr\/index.php?rest_route=\/wp\/v2\/posts"}],"about":[{"href":"https:\/\/archive.sana.sy\/tr\/index.php?rest_route=\/wp\/v2\/types\/post"}],"author":[{"embeddable":true,"href":"https:\/\/archive.sana.sy\/tr\/index.php?rest_route=\/wp\/v2\/users\/1"}],"replies":[{"embeddable":true,"href":"https:\/\/archive.sana.sy\/tr\/index.php?rest_route=%2Fwp%2Fv2%2Fcomments&post=48037"}],"version-history":[{"count":0,"href":"https:\/\/archive.sana.sy\/tr\/index.php?rest_route=\/wp\/v2\/posts\/48037\/revisions"}],"wp:attachment":[{"href":"https:\/\/archive.sana.sy\/tr\/index.php?rest_route=%2Fwp%2Fv2%2Fmedia&parent=48037"}],"wp:term":[{"taxonomy":"category","embeddable":true,"href":"https:\/\/archive.sana.sy\/tr\/index.php?rest_route=%2Fwp%2Fv2%2Fcategories&post=48037"},{"taxonomy":"post_tag","embeddable":true,"href":"https:\/\/archive.sana.sy\/tr\/index.php?rest_route=%2Fwp%2Fv2%2Ftags&post=48037"}],"curies":[{"name":"wp","href":"https:\/\/api.w.org\/{rel}","templated":true}]}}