{"id":48039,"date":"2015-09-27T12:00:51","date_gmt":"2015-09-27T09:00:51","guid":{"rendered":"http:\/\/www.sana.sy\/tr\/?p=48039"},"modified":"2015-09-27T14:52:23","modified_gmt":"2015-09-27T11:52:23","slug":"halepten-saha-kaynaklari-sanaya-aciklamalarinda-ordu-birliklerimizin-halep-kentinin-bir-kisim-semtlerine-ek-olarak-han-el-esal-ve-hava-kuvvetleri-akademisi-civarindaki-operasyonlarda","status":"publish","type":"post","link":"https:\/\/archive.sana.sy\/tr\/?p=48039","title":{"rendered":"Halep\u2019ten saha kaynaklar\u0131 SANA\u2019ya a\u00e7\u0131klamalar\u0131nda ordu birliklerimizin Halep Kentinin bir k\u0131s\u0131m semtlerine ek olarak Han el Esal ve Hava Kuvvetleri Akademisi civar\u0131ndaki operasyonlarda 40\u2019tan fazla ter\u00f6ristin \u00f6l\u00fc, \u00e7ok say\u0131da ter\u00f6ristin de yaral\u0131 d\u00fc\u015f\u00fcr\u00fcld\u00fc\u011f\u00fcn\u00fc aktar\u0131rken, bir k\u0131sm\u0131 a\u011f\u0131r silahlarla donat\u0131lm\u0131\u015f \u00e7ok say\u0131da arac\u0131n da ta\u015f\u0131d\u0131klar\u0131 ter\u00f6rist ve cephaneyle birlikte imha edildiklerini belirtti."},"content":{"rendered":"<p>Halep\u2019ten saha kaynaklar\u0131 SANA\u2019ya a\u00e7\u0131klamalar\u0131nda ordu birliklerimizin Halep Kentinin bir k\u0131s\u0131m semtlerine ek olarak Han el Esal ve Hava Kuvvetleri Akademisi civar\u0131ndaki operasyonlarda 40\u2019tan fazla ter\u00f6ristin \u00f6l\u00fc, \u00e7ok say\u0131da ter\u00f6ristin de yaral\u0131 d\u00fc\u015f\u00fcr\u00fcld\u00fc\u011f\u00fcn\u00fc aktar\u0131rken, bir k\u0131sm\u0131 a\u011f\u0131r silahlarla donat\u0131lm\u0131\u015f \u00e7ok say\u0131da arac\u0131n da ta\u015f\u0131d\u0131klar\u0131 ter\u00f6rist ve cephaneyle birlikte imha edildiklerini belirtti.<\/p>\n","protected":false},"excerpt":{"rendered":"<p>Halep\u2019ten saha kaynaklar\u0131 SANA\u2019ya a\u00e7\u0131klamalar\u0131nda ordu birliklerimizin Halep Kentinin bir k\u0131s\u0131m semtlerine ek olarak Han el Esal ve Hava Kuvvetleri Akademisi civar\u0131ndaki operasyonlarda 40\u2019tan fazla ter\u00f6ristin \u00f6l\u00fc, \u00e7ok say\u0131da ter\u00f6ristin de yaral\u0131 d\u00fc\u015f\u00fcr\u00fcld\u00fc\u011f\u00fcn\u00fc aktar\u0131rken, bir k\u0131sm\u0131 a\u011f\u0131r silahlarla donat\u0131lm\u0131\u015f \u00e7ok say\u0131da arac\u0131n da ta\u015f\u0131d\u0131klar\u0131 ter\u00f6rist ve cephaneyle birlikte imha edildiklerini belirtti.<\/p>\n","protected":false},"author":1,"featured_media":0,"comment_status":"closed","ping_status":"closed","sticky":false,"template":"","format":"standard","meta":{"footnotes":""},"categories":[1],"tags":[],"class_list":["post-48039","post","type-post","status-publish","format-standard","","category-news-not-sorted"],"_links":{"self":[{"href":"https:\/\/archive.sana.sy\/tr\/index.php?rest_route=\/wp\/v2\/posts\/48039","targetHints":{"allow":["GET"]}}],"collection":[{"href":"https:\/\/archive.sana.sy\/tr\/index.php?rest_route=\/wp\/v2\/posts"}],"about":[{"href":"https:\/\/archive.sana.sy\/tr\/index.php?rest_route=\/wp\/v2\/types\/post"}],"author":[{"embeddable":true,"href":"https:\/\/archive.sana.sy\/tr\/index.php?rest_route=\/wp\/v2\/users\/1"}],"replies":[{"embeddable":true,"href":"https:\/\/archive.sana.sy\/tr\/index.php?rest_route=%2Fwp%2Fv2%2Fcomments&post=48039"}],"version-history":[{"count":0,"href":"https:\/\/archive.sana.sy\/tr\/index.php?rest_route=\/wp\/v2\/posts\/48039\/revisions"}],"wp:attachment":[{"href":"https:\/\/archive.sana.sy\/tr\/index.php?rest_route=%2Fwp%2Fv2%2Fmedia&parent=48039"}],"wp:term":[{"taxonomy":"category","embeddable":true,"href":"https:\/\/archive.sana.sy\/tr\/index.php?rest_route=%2Fwp%2Fv2%2Fcategories&post=48039"},{"taxonomy":"post_tag","embeddable":true,"href":"https:\/\/archive.sana.sy\/tr\/index.php?rest_route=%2Fwp%2Fv2%2Ftags&post=48039"}],"curies":[{"name":"wp","href":"https:\/\/api.w.org\/{rel}","templated":true}]}}