{"id":48048,"date":"2015-09-27T18:01:21","date_gmt":"2015-09-27T15:01:21","guid":{"rendered":"http:\/\/www.sana.sy\/tr\/?p=48048"},"modified":"2015-09-28T16:16:41","modified_gmt":"2015-09-28T13:16:41","slug":"esad-komutasindaki-suriye-ordusu-mesru-olan-yegane-ordudur","status":"publish","type":"post","link":"https:\/\/archive.sana.sy\/tr\/?p=48048","title":{"rendered":"Esad Komutas\u0131ndaki Suriye Ordusu Me\u015fru Olan Yegane Ordudur"},"content":{"rendered":"<p>MOSKOVA \u2013 Rusya Federasyonu Ba\u015fkan\u0131 Vladimir Putin; d\u00fcnya halklar\u0131n\u0131n b\u00fcy\u00fck \u00e7o\u011funlu\u011funa ciddi bir tehlike te\u015fkil den ve milyonlarca insan\u0131n ac\u0131s\u0131n\u0131 ya\u015fad\u0131\u011f\u0131 ter\u00f6re kar\u015f\u0131 m\u00fccadelede b\u00f6lgesel ve uluslar aras\u0131 \u00e7abalar\u0131n birle\u015ftirilmesi \u00e7a\u011fr\u0131s\u0131n\u0131 bir kez daha yineledi.<\/p>\n<p>Amerikan CBS Kanal\u0131 ile yapt\u0131\u011f\u0131 ve RT web sitesinin yay\u0131nlad\u0131\u011f\u0131 r\u00f6portaj\u0131nda Putin; ter\u00f6re kar\u015f\u0131 m\u00fccadele \u00e7abalar\u0131n\u0131n birle\u015ftirilmesinin b\u00f6lge ve t\u00fcm d\u00fcnya devletlerinin g\u00f6revi oldu\u011funu ifade etti. Putin ter\u00f6re kar\u015f\u0131 m\u00fccadele i\u00e7in ortak bir koordinasyon kurumu ya da ortak bir \u00fcs te\u015fkil edilmesi \u00f6nemini belirtti.<\/p>\n<p>Suriye&#8217;de Rus askeri varl\u0131\u011f\u0131 konusunda Putin; Rusya&#8217;n\u0131n \u015fu ana dek Suriye&#8217;de Suriye&#8217;deki me\u015fru h\u00fck\u00fcmete silah temin etme, Suriyeli askerleri bu silahlara e\u011fitme ve Suriye halk\u0131na insani yard\u0131m takdim etmekle temsil oldu\u011funu belirtti.<\/p>\n<p>Putin Rusya&#8217;n\u0131n Suriye&#8217;deki me\u015fru h\u00fck\u00fcmete askeri, insani ve her t\u00fcrl\u00fc yard\u0131m ve desteklerinde tamamen BM misak\u0131 ve kanunlar\u0131n\u0131n yan\u0131 s\u0131ra G\u00fcvenlik Konseyinin karar ve kanunlar\u0131 \u00e7er\u00e7evesinde hareket etti\u011finin alt\u0131n\u0131 \u00e7izdi.<\/p>\n<p>Suriye&#8217;de me\u015fru yegane ordunun Cumhurba\u015fkan\u0131 Be\u015f\u015far el Esad komutas\u0131ndaki Suriye ordusu oldu\u011funun alt\u0131n\u0131 \u00e7izen Putin; \u201cbu ordu; uluslar aras\u0131 kimi ortaklar\u0131m\u0131z\u0131n tabir etti\u011fi gibi \u2018\u0131l\u0131ml\u0131 muhaliflere\u2019 kar\u015f\u0131 de\u011fil, ter\u00f6r \u00f6rg\u00fctlere kar\u015f\u0131 ciddi ve ger\u00e7ek bir sava\u015f vermektedir..\u201d ifadesini kulland\u0131.<\/p>\n<p>ABD ve T\u00fcrkiye&#8217;deki rejimin e\u011fit donat program\u0131 konusunda ise Putin; ABD\u2019nin Suriye&#8217;de muhalif askeri bir kanat e\u011fitme amac\u0131yla ilk ba\u015flarda 6 ila 6 bin, ard\u0131ndan da 12 bin ki\u015fiyi e\u011fitip donatmaktan s\u00f6z etti\u011fine dikkat \u00e7ekti. Putin; netice itibar\u0131yla sadece 60 ki\u015finin e\u011fitildi\u011fini, bunlardan 4 ila 5 ki\u015finin kald\u0131\u011f\u0131n\u0131, di\u011ferlerinin ise ABD\u2019nin verdikleri askeri te\u00e7hizatla birlikte I\u015e\u0130D\u2019e kat\u0131lmak \u00fczere ka\u00e7t\u0131klar\u0131na dikkat \u00e7ekti. ABD\u2019nin Suriye&#8217;de \u2018\u0131l\u0131ml\u0131 muhalifler\u2019 ad\u0131 alt\u0131nda gayr\u0131 me\u015fru gruplara askeri destek sa\u011flamas\u0131n\u0131 ele\u015ftiren Putin; bunun BM kanunlar\u0131 ve G\u00fcvenlik Konseyi kararlar\u0131na tamamen ayk\u0131r\u0131 oldu\u011funun alt\u0131n\u0131 \u00e7izdi. Putin Rusya&#8217;n\u0131n sadece ve sadece me\u015fru h\u00fck\u00fcmetleri destekledi\u011fini ve hi\u00e7bir uluslar aras\u0131 kanun veya karar\u0131 ihlal etmedi\u011fini belirtti.<\/p>\n","protected":false},"excerpt":{"rendered":"<p>MOSKOVA \u2013 Rusya Federasyonu Ba\u015fkan\u0131 Vladimir Putin; d\u00fcnya halklar\u0131n\u0131n b\u00fcy\u00fck \u00e7o\u011funlu\u011funa ciddi bir tehlike te\u015fkil den ve milyonlarca insan\u0131n ac\u0131s\u0131n\u0131 ya\u015fad\u0131\u011f\u0131 ter\u00f6re kar\u015f\u0131 m\u00fccadelede b\u00f6lgesel ve uluslar aras\u0131 \u00e7abalar\u0131n birle\u015ftirilmesi \u00e7a\u011fr\u0131s\u0131n\u0131 bir kez daha yineledi. Amerikan CBS Kanal\u0131 ile yapt\u0131\u011f\u0131 ve RT web sitesinin yay\u0131nlad\u0131\u011f\u0131 r\u00f6portaj\u0131nda Putin; ter\u00f6re kar\u015f\u0131 m\u00fccadele \u00e7abalar\u0131n\u0131n birle\u015ftirilmesinin b\u00f6lge ve t\u00fcm &hellip;<\/p>\n","protected":false},"author":1,"featured_media":48049,"comment_status":"closed","ping_status":"closed","sticky":false,"template":"","format":"standard","meta":{"footnotes":""},"categories":[458,459,447,2554,2555],"tags":[16933],"class_list":["post-48048","post","type-post","status-publish","format-standard","has-post-thumbnail","","category-dunya1","category-haberler-arap-uluslararasi-politika","category-politika","category-suriye-ve-dunya","category-suriye-ve-turkiye","tag-esad-komutasindaki-suriye-ordusu-mesru-olan-yegane-ordudur"],"_links":{"self":[{"href":"https:\/\/archive.sana.sy\/tr\/index.php?rest_route=\/wp\/v2\/posts\/48048","targetHints":{"allow":["GET"]}}],"collection":[{"href":"https:\/\/archive.sana.sy\/tr\/index.php?rest_route=\/wp\/v2\/posts"}],"about":[{"href":"https:\/\/archive.sana.sy\/tr\/index.php?rest_route=\/wp\/v2\/types\/post"}],"author":[{"embeddable":true,"href":"https:\/\/archive.sana.sy\/tr\/index.php?rest_route=\/wp\/v2\/users\/1"}],"replies":[{"embeddable":true,"href":"https:\/\/archive.sana.sy\/tr\/index.php?rest_route=%2Fwp%2Fv2%2Fcomments&post=48048"}],"version-history":[{"count":0,"href":"https:\/\/archive.sana.sy\/tr\/index.php?rest_route=\/wp\/v2\/posts\/48048\/revisions"}],"wp:featuredmedia":[{"embeddable":true,"href":"https:\/\/archive.sana.sy\/tr\/index.php?rest_route=\/wp\/v2\/media\/48049"}],"wp:attachment":[{"href":"https:\/\/archive.sana.sy\/tr\/index.php?rest_route=%2Fwp%2Fv2%2Fmedia&parent=48048"}],"wp:term":[{"taxonomy":"category","embeddable":true,"href":"https:\/\/archive.sana.sy\/tr\/index.php?rest_route=%2Fwp%2Fv2%2Fcategories&post=48048"},{"taxonomy":"post_tag","embeddable":true,"href":"https:\/\/archive.sana.sy\/tr\/index.php?rest_route=%2Fwp%2Fv2%2Ftags&post=48048"}],"curies":[{"name":"wp","href":"https:\/\/api.w.org\/{rel}","templated":true}]}}