{"id":48082,"date":"2015-09-28T10:10:43","date_gmt":"2015-09-28T07:10:43","guid":{"rendered":"http:\/\/www.sana.sy\/tr\/?p=48082"},"modified":"2015-09-28T12:42:50","modified_gmt":"2015-09-28T09:42:50","slug":"sam-emniyet-mudurlugunde-bir-kaynak-sanaya-aciklamasinda-baskentin-dogusunda-dogu-guta-kenarlarina-dusen-cobar-bolgesinde-konuslanan-teroristlerin-adevi-bolgesini-havan-roketleriyle-hedef-ald","status":"publish","type":"post","link":"https:\/\/archive.sana.sy\/tr\/?p=48082","title":{"rendered":"\u015eam Emniyet M\u00fcd\u00fcrl\u00fc\u011f\u00fcnde bir kaynak SANA\u2019ya a\u00e7\u0131klamas\u0131nda ba\u015fkentin do\u011fusunda Do\u011fu \u011euta kenarlar\u0131na d\u00fc\u015fen Cobar B\u00f6lgesinde konu\u015flanan ter\u00f6ristlerin Adevi b\u00f6lgesini havan roketleriyle hedef ald\u0131klar\u0131n\u0131 belirtti"},"content":{"rendered":"<p>\u015eam Emniyet M\u00fcd\u00fcrl\u00fc\u011f\u00fcnde bir kaynak SANA\u2019ya a\u00e7\u0131klamas\u0131nda ba\u015fkentin do\u011fusunda Do\u011fu \u011euta kenarlar\u0131na d\u00fc\u015fen Cobar B\u00f6lgesinde konu\u015flanan ter\u00f6ristlerin Adevi b\u00f6lgesini havan roketleriyle hedef ald\u0131klar\u0131n\u0131 belirtti<\/p>\n","protected":false},"excerpt":{"rendered":"<p>\u015eam Emniyet M\u00fcd\u00fcrl\u00fc\u011f\u00fcnde bir kaynak SANA\u2019ya a\u00e7\u0131klamas\u0131nda ba\u015fkentin do\u011fusunda Do\u011fu \u011euta kenarlar\u0131na d\u00fc\u015fen Cobar B\u00f6lgesinde konu\u015flanan ter\u00f6ristlerin Adevi b\u00f6lgesini havan roketleriyle hedef ald\u0131klar\u0131n\u0131 belirtti<\/p>\n","protected":false},"author":1,"featured_media":0,"comment_status":"closed","ping_status":"closed","sticky":false,"template":"","format":"standard","meta":{"footnotes":""},"categories":[1],"tags":[],"class_list":["post-48082","post","type-post","status-publish","format-standard","","category-news-not-sorted"],"_links":{"self":[{"href":"https:\/\/archive.sana.sy\/tr\/index.php?rest_route=\/wp\/v2\/posts\/48082","targetHints":{"allow":["GET"]}}],"collection":[{"href":"https:\/\/archive.sana.sy\/tr\/index.php?rest_route=\/wp\/v2\/posts"}],"about":[{"href":"https:\/\/archive.sana.sy\/tr\/index.php?rest_route=\/wp\/v2\/types\/post"}],"author":[{"embeddable":true,"href":"https:\/\/archive.sana.sy\/tr\/index.php?rest_route=\/wp\/v2\/users\/1"}],"replies":[{"embeddable":true,"href":"https:\/\/archive.sana.sy\/tr\/index.php?rest_route=%2Fwp%2Fv2%2Fcomments&post=48082"}],"version-history":[{"count":0,"href":"https:\/\/archive.sana.sy\/tr\/index.php?rest_route=\/wp\/v2\/posts\/48082\/revisions"}],"wp:attachment":[{"href":"https:\/\/archive.sana.sy\/tr\/index.php?rest_route=%2Fwp%2Fv2%2Fmedia&parent=48082"}],"wp:term":[{"taxonomy":"category","embeddable":true,"href":"https:\/\/archive.sana.sy\/tr\/index.php?rest_route=%2Fwp%2Fv2%2Fcategories&post=48082"},{"taxonomy":"post_tag","embeddable":true,"href":"https:\/\/archive.sana.sy\/tr\/index.php?rest_route=%2Fwp%2Fv2%2Ftags&post=48082"}],"curies":[{"name":"wp","href":"https:\/\/api.w.org\/{rel}","templated":true}]}}